{"id":66,"date":"2023-02-15T15:41:00","date_gmt":"2023-02-15T14:41:00","guid":{"rendered":"https:\/\/empark.com\/?p=66"},"modified":"2023-06-12T13:10:33","modified_gmt":"2023-06-12T12:10:33","slug":"reserva-plaza-con-tu-movil-en-el-sur-y-dejate-de-lios-2","status":"publish","type":"post","link":"https:\/\/www.empark.com\/es\/reserva-plaza-con-tu-movil-en-el-sur-y-dejate-de-lios-2\/","title":{"rendered":"Granada digitaliza el pago de la zona azul a trav\u00e9s de la app Telpark"},"content":{"rendered":"\n<p><em><strong>Granada, 15 de febrero de 2023.<\/strong><\/em><\/p>\n\n\n\n<p>Granada estrenar\u00e1 en febrero su nuevo sistema digital de pago para el estacionamiento en la zona azul, que a partir de ahora se podr\u00e1 realizar mediante la&nbsp;<strong>app m\u00f3vil gratuita Telpark<\/strong>. El nuevo mecanismo, que ya funciona en otras ciudades como M\u00e1laga, Almeria, Huelva o Madrid afectar\u00e1 a un total de 3.144 plazas y estar\u00e1 gestionado por&nbsp;<strong>Telpark<\/strong>. Ahora, gracias a su puesta en marcha en la capital granadina sus usuarios podr\u00e1n, entre otras opciones, pagar el parqu\u00edmetro, recibir alertas de finalizaci\u00f3n del ticket o anular denuncias a trav\u00e9s de la app.<br><br>La aplicaci\u00f3n Telpark ya est\u00e1 presente en Granada, donde a d\u00eda de hoy sus usuarios pueden pagar el aparcamiento a trav\u00e9s del m\u00f3vil sin pasar por el cajero, o contratar servicios como Reserva o Multipass, productos adaptados para las distintas necesidades del conductor. Estos servicios est\u00e1n disponibles en los cuatro aparcamientos que la compa\u00f1\u00eda gestiona en la ciudad:&nbsp;<strong>Viol\u00f3n, San Agust\u00edn, Los C\u00e1rmenes y Pedro Antonio de Alarc\u00f3n<\/strong>.<br><br>Adem\u00e1s, Telpark mantiene una firme apuesta por la promoci\u00f3n de un modelo de movilidad m\u00e1s sostenible mediante iniciativas como su aparcamiento disuasorio de Los C\u00e1rmenes, que facilita &nbsp;acceso a la ciudad y la conexi\u00f3n con el transporte p\u00fablico, reduciendo as\u00ed el impacto ambiental; o el impulso del veh\u00edculo el\u00e9ctrico, ya que su&nbsp; app permite el uso de sus<strong>&nbsp;m\u00e1s de 350 cargadores el\u00e9ctricos<\/strong>&nbsp;en Espa\u00f1a y Portugal. En Granada, cuenta con puntos de recarga en su aparcamiento de San Agust\u00edn y espera poder ampliar su oferta en los pr\u00f3ximos meses.<br><br>Telpark es uno de los principales operadores de movilidad en la ciudad, donde cuenta con una red de m\u00e1s&nbsp;<strong>de 2.700 plazas de aparcamiento gestionadas a trav\u00e9s de cuatro parkings<\/strong>&nbsp;, y tambi\u00e9n l\u00edder en la comunidad andaluza, donde gestiona el aparcamiento de ciudades como Almer\u00eda, M\u00e1laga, Sevilla, Granada o Marbella, entre otros.<br><br>En Andaluc\u00eda, la aplicaci\u00f3n de Telpark es l\u00edder de movilidad contando con 200.000 usuarios en la comunidad. De estos, m\u00e1s de 10.000 usuarios utilizan en Granada la aplicaci\u00f3n como experiencia digital de aparcamiento y desde febrero, tambi\u00e9n para realizar el pago de la zona azul de la ciudad.<\/p>\n\n\n\n<h5 class=\"wp-block-heading\"><strong><u>La aplicaci\u00f3n de referencia en Andaluc\u00eda pensada por y para el ciudadano<\/u><\/strong><\/h5>\n\n\n\n<p><strong>Telpark es la app n\u00ba1 en el sector del aparcamiento en Espa\u00f1a y Portugal&nbsp;<\/strong>con m\u00e1s 3,5 millones de usuarios. La compa\u00f1\u00eda centra su negocio en el desarrollo de soluciones de movilidad urbana al servicio del ciudadano bajo un modelo de innovaci\u00f3n y mejora constante.<br><br>Precisamente esta visi\u00f3n de futuro fue la que posibilit\u00f3 el lanzamiento en 2013 de la app Telpark, pionera en el sector y que hoy es la base de la digitalizaci\u00f3n de la gesti\u00f3n integral de los servicios de movilidad que ofrece la compa\u00f1\u00eda ya que est\u00e1 presente en&nbsp;<strong>m\u00e1s de 80 ciudades<\/strong>&nbsp;como Madrid, Barcelona, Lisboa o Valencia.<\/p>\n\n\n\n<h5 class=\"wp-block-heading\"><strong><u>Conoce Telpark<\/u><\/strong><\/h5>\n\n\n\n<p>Con una trayectoria de m\u00e1s de 50 a\u00f1os en el sector y presencia en cerca de 150 ciudades, Empark es el principal operador en gesti\u00f3n integral de aparcamientos (Off Street) y estacionamiento regulado en v\u00eda p\u00fablica (On Street) de Espa\u00f1a y Portugal gestionando 362.000 plazas. Es una compa\u00f1\u00eda participada por el fondo de inversi\u00f3n Macquarie.<br><br>La compa\u00f1\u00eda, que opera bajo la marca comercial Telpark, basa su modelo de crecimiento en una amplia oferta de servicios orientada a construir la mejor experiencia integral en torno a la movilidad urbana bajo una apuesta firme por la innovaci\u00f3n tecnol\u00f3gica como palanca clave para situar al ciudadano en el centro de su propuesta.<br><br>Fue pionera con la creaci\u00f3n en 2013 de su app m\u00f3vil para la reserva y gesti\u00f3n de aparcamientos Telpark, que actualmente es la m\u00e1s usada y descargada en aparcamiento en Espa\u00f1a y Portugal con m\u00e1s de 3,5 millones de usuarios.<br><br>M\u00e1s informaci\u00f3n en:&nbsp;<a href=\"https:\/\/www.empark.com\/\">https:\/\/www.empark.com<\/a><\/p>\n","protected":false},"excerpt":{"rendered":"<p>Granada estrenar\u00e1 en febrero su nuevo sistema digital de pago para el estacionamiento en la zona azul...<\/p>\n","protected":false},"author":1,"featured_media":170,"comment_status":"open","ping_status":"open","sticky":false,"template":"","format":"standard","meta":{"footnotes":""},"categories":[26],"tags":[],"yoast_head":"<!-- This site is optimized with the Yoast SEO plugin v20.12 - https:\/\/yoast.com\/wordpress\/plugins\/seo\/ -->\n<title>Granada digitaliza el pago de la zona azul a trav\u00e9s de la app Telpark - Empark<\/title>\n<meta name=\"robots\" content=\"index, follow, max-snippet:-1, max-image-preview:large, max-video-preview:-1\" \/>\n<link rel=\"canonical\" href=\"https:\/\/www.empark.com\/es\/reserva-plaza-con-tu-movil-en-el-sur-y-dejate-de-lios-2\/\" \/>\n<meta property=\"og:locale\" content=\"es_ES\" \/>\n<meta property=\"og:type\" content=\"article\" \/>\n<meta property=\"og:title\" content=\"Granada digitaliza el pago de la zona azul a trav\u00e9s de la app Telpark - Empark\" \/>\n<meta property=\"og:description\" content=\"Granada estrenar\u00e1 en febrero su nuevo sistema digital de pago para el estacionamiento en la zona azul...\" \/>\n<meta property=\"og:url\" content=\"https:\/\/www.empark.com\/es\/reserva-plaza-con-tu-movil-en-el-sur-y-dejate-de-lios-2\/\" \/>\n<meta property=\"og:site_name\" content=\"Empark\" \/>\n<meta property=\"article:published_time\" content=\"2023-02-15T14:41:00+00:00\" \/>\n<meta property=\"article:modified_time\" content=\"2023-06-12T12:10:33+00:00\" \/>\n<meta property=\"og:image\" content=\"https:\/\/www.empark.com\/wp-content\/uploads\/sites\/2\/2023\/03\/noticia-zona-azul-granada.jpeg\" \/>\n\t<meta property=\"og:image:width\" content=\"1024\" \/>\n\t<meta property=\"og:image:height\" content=\"768\" \/>\n\t<meta property=\"og:image:type\" content=\"image\/jpeg\" \/>\n<meta name=\"author\" content=\"admin\" \/>\n<meta name=\"twitter:card\" content=\"summary_large_image\" \/>\n<meta name=\"twitter:label1\" content=\"Written by\" \/>\n\t<meta name=\"twitter:data1\" content=\"admin\" \/>\n\t<meta name=\"twitter:label2\" content=\"Est. reading time\" \/>\n\t<meta name=\"twitter:data2\" content=\"3 minutes\" \/>\n<script type=\"application\/ld+json\" class=\"yoast-schema-graph\">{\"@context\":\"https:\/\/schema.org\",\"@graph\":[{\"@type\":\"Article\",\"@id\":\"https:\/\/www.empark.com\/es\/reserva-plaza-con-tu-movil-en-el-sur-y-dejate-de-lios-2\/#article\",\"isPartOf\":{\"@id\":\"https:\/\/www.empark.com\/es\/reserva-plaza-con-tu-movil-en-el-sur-y-dejate-de-lios-2\/\"},\"author\":{\"name\":\"admin\",\"@id\":\"https:\/\/www.empark.com\/es\/#\/schema\/person\/3159dc28f69f2219b5527b3bd638281a\"},\"headline\":\"Granada digitaliza el pago de la zona azul a trav\u00e9s de la app Telpark\",\"datePublished\":\"2023-02-15T14:41:00+00:00\",\"dateModified\":\"2023-06-12T12:10:33+00:00\",\"mainEntityOfPage\":{\"@id\":\"https:\/\/www.empark.com\/es\/reserva-plaza-con-tu-movil-en-el-sur-y-dejate-de-lios-2\/\"},\"wordCount\":713,\"commentCount\":0,\"publisher\":{\"@id\":\"https:\/\/www.empark.com\/es\/#organization\"},\"articleSection\":[\"Noticias\"],\"inLanguage\":\"es-ES\",\"potentialAction\":[{\"@type\":\"CommentAction\",\"name\":\"Comment\",\"target\":[\"https:\/\/www.empark.com\/es\/reserva-plaza-con-tu-movil-en-el-sur-y-dejate-de-lios-2\/#respond\"]}]},{\"@type\":\"WebPage\",\"@id\":\"https:\/\/www.empark.com\/es\/reserva-plaza-con-tu-movil-en-el-sur-y-dejate-de-lios-2\/\",\"url\":\"https:\/\/www.empark.com\/es\/reserva-plaza-con-tu-movil-en-el-sur-y-dejate-de-lios-2\/\",\"name\":\"Granada digitaliza el pago de la zona azul a trav\u00e9s de la app Telpark - Empark\",\"isPartOf\":{\"@id\":\"https:\/\/www.empark.com\/es\/#website\"},\"datePublished\":\"2023-02-15T14:41:00+00:00\",\"dateModified\":\"2023-06-12T12:10:33+00:00\",\"breadcrumb\":{\"@id\":\"https:\/\/www.empark.com\/es\/reserva-plaza-con-tu-movil-en-el-sur-y-dejate-de-lios-2\/#breadcrumb\"},\"inLanguage\":\"es-ES\",\"potentialAction\":[{\"@type\":\"ReadAction\",\"target\":[\"https:\/\/www.empark.com\/es\/reserva-plaza-con-tu-movil-en-el-sur-y-dejate-de-lios-2\/\"]}]},{\"@type\":\"BreadcrumbList\",\"@id\":\"https:\/\/www.empark.com\/es\/reserva-plaza-con-tu-movil-en-el-sur-y-dejate-de-lios-2\/#breadcrumb\",\"itemListElement\":[{\"@type\":\"ListItem\",\"position\":1,\"name\":\"Home\",\"item\":\"https:\/\/www.empark.com\/es\/\"},{\"@type\":\"ListItem\",\"position\":2,\"name\":\"Granada digitaliza el pago de la zona azul a trav\u00e9s de la app Telpark\"}]},{\"@type\":\"WebSite\",\"@id\":\"https:\/\/www.empark.com\/es\/#website\",\"url\":\"https:\/\/www.empark.com\/es\/\",\"name\":\"Empark\",\"description\":\"L\u00edderes en el sector de aparcamientos y movilidad, con m\u00e1s de 455.000 plazas de aparcamiento que facilitan el desplazamiento de 150 millones de personas\",\"publisher\":{\"@id\":\"https:\/\/www.empark.com\/es\/#organization\"},\"potentialAction\":[{\"@type\":\"SearchAction\",\"target\":{\"@type\":\"EntryPoint\",\"urlTemplate\":\"https:\/\/www.empark.com\/es\/?s={search_term_string}\"},\"query-input\":\"required name=search_term_string\"}],\"inLanguage\":\"es-ES\"},{\"@type\":\"Organization\",\"@id\":\"https:\/\/www.empark.com\/es\/#organization\",\"name\":\"Empark\",\"url\":\"https:\/\/www.empark.com\/es\/\",\"logo\":{\"@type\":\"ImageObject\",\"inLanguage\":\"es-ES\",\"@id\":\"https:\/\/www.empark.com\/es\/#\/schema\/logo\/image\/\",\"url\":\"https:\/\/www.empark.com\/wp-content\/uploads\/sites\/2\/2023\/09\/empark-logo.svg\",\"contentUrl\":\"https:\/\/www.empark.com\/wp-content\/uploads\/sites\/2\/2023\/09\/empark-logo.svg\",\"width\":100,\"height\":32,\"caption\":\"Empark\"},\"image\":{\"@id\":\"https:\/\/www.empark.com\/es\/#\/schema\/logo\/image\/\"}},{\"@type\":\"Person\",\"@id\":\"https:\/\/www.empark.com\/es\/#\/schema\/person\/3159dc28f69f2219b5527b3bd638281a\",\"name\":\"admin\",\"image\":{\"@type\":\"ImageObject\",\"inLanguage\":\"es-ES\",\"@id\":\"https:\/\/www.empark.com\/es\/#\/schema\/person\/image\/\",\"url\":\"https:\/\/secure.gravatar.com\/avatar\/020b2961abce7fff14e8e3b412115816?s=96&d=mm&r=g\",\"contentUrl\":\"https:\/\/secure.gravatar.com\/avatar\/020b2961abce7fff14e8e3b412115816?s=96&d=mm&r=g\",\"caption\":\"admin\"},\"sameAs\":[\"https:\/\/telpark.com\"]}]}<\/script>\n<!-- \/ Yoast SEO plugin. -->","yoast_head_json":{"title":"Granada digitaliza el pago de la zona azul a trav\u00e9s de la app Telpark - Empark","robots":{"index":"index","follow":"follow","max-snippet":"max-snippet:-1","max-image-preview":"max-image-preview:large","max-video-preview":"max-video-preview:-1"},"canonical":"https:\/\/www.empark.com\/es\/reserva-plaza-con-tu-movil-en-el-sur-y-dejate-de-lios-2\/","og_locale":"es_ES","og_type":"article","og_title":"Granada digitaliza el pago de la zona azul a trav\u00e9s de la app Telpark - Empark","og_description":"Granada estrenar\u00e1 en febrero su nuevo sistema digital de pago para el estacionamiento en la zona azul...","og_url":"https:\/\/www.empark.com\/es\/reserva-plaza-con-tu-movil-en-el-sur-y-dejate-de-lios-2\/","og_site_name":"Empark","article_published_time":"2023-02-15T14:41:00+00:00","article_modified_time":"2023-06-12T12:10:33+00:00","og_image":[{"width":1024,"height":768,"url":"https:\/\/www.empark.com\/wp-content\/uploads\/sites\/2\/2023\/03\/noticia-zona-azul-granada.jpeg","type":"image\/jpeg"}],"author":"admin","twitter_card":"summary_large_image","twitter_misc":{"Written by":"admin","Est. reading time":"3 minutes"},"schema":{"@context":"https:\/\/schema.org","@graph":[{"@type":"Article","@id":"https:\/\/www.empark.com\/es\/reserva-plaza-con-tu-movil-en-el-sur-y-dejate-de-lios-2\/#article","isPartOf":{"@id":"https:\/\/www.empark.com\/es\/reserva-plaza-con-tu-movil-en-el-sur-y-dejate-de-lios-2\/"},"author":{"name":"admin","@id":"https:\/\/www.empark.com\/es\/#\/schema\/person\/3159dc28f69f2219b5527b3bd638281a"},"headline":"Granada digitaliza el pago de la zona azul a trav\u00e9s de la app Telpark","datePublished":"2023-02-15T14:41:00+00:00","dateModified":"2023-06-12T12:10:33+00:00","mainEntityOfPage":{"@id":"https:\/\/www.empark.com\/es\/reserva-plaza-con-tu-movil-en-el-sur-y-dejate-de-lios-2\/"},"wordCount":713,"commentCount":0,"publisher":{"@id":"https:\/\/www.empark.com\/es\/#organization"},"articleSection":["Noticias"],"inLanguage":"es-ES","potentialAction":[{"@type":"CommentAction","name":"Comment","target":["https:\/\/www.empark.com\/es\/reserva-plaza-con-tu-movil-en-el-sur-y-dejate-de-lios-2\/#respond"]}]},{"@type":"WebPage","@id":"https:\/\/www.empark.com\/es\/reserva-plaza-con-tu-movil-en-el-sur-y-dejate-de-lios-2\/","url":"https:\/\/www.empark.com\/es\/reserva-plaza-con-tu-movil-en-el-sur-y-dejate-de-lios-2\/","name":"Granada digitaliza el pago de la zona azul a trav\u00e9s de la app Telpark - Empark","isPartOf":{"@id":"https:\/\/www.empark.com\/es\/#website"},"datePublished":"2023-02-15T14:41:00+00:00","dateModified":"2023-06-12T12:10:33+00:00","breadcrumb":{"@id":"https:\/\/www.empark.com\/es\/reserva-plaza-con-tu-movil-en-el-sur-y-dejate-de-lios-2\/#breadcrumb"},"inLanguage":"es-ES","potentialAction":[{"@type":"ReadAction","target":["https:\/\/www.empark.com\/es\/reserva-plaza-con-tu-movil-en-el-sur-y-dejate-de-lios-2\/"]}]},{"@type":"BreadcrumbList","@id":"https:\/\/www.empark.com\/es\/reserva-plaza-con-tu-movil-en-el-sur-y-dejate-de-lios-2\/#breadcrumb","itemListElement":[{"@type":"ListItem","position":1,"name":"Home","item":"https:\/\/www.empark.com\/es\/"},{"@type":"ListItem","position":2,"name":"Granada digitaliza el pago de la zona azul a trav\u00e9s de la app Telpark"}]},{"@type":"WebSite","@id":"https:\/\/www.empark.com\/es\/#website","url":"https:\/\/www.empark.com\/es\/","name":"Empark","description":"L\u00edderes en el sector de aparcamientos y movilidad, con m\u00e1s de 455.000 plazas de aparcamiento que facilitan el desplazamiento de 150 millones de personas","publisher":{"@id":"https:\/\/www.empark.com\/es\/#organization"},"potentialAction":[{"@type":"SearchAction","target":{"@type":"EntryPoint","urlTemplate":"https:\/\/www.empark.com\/es\/?s={search_term_string}"},"query-input":"required name=search_term_string"}],"inLanguage":"es-ES"},{"@type":"Organization","@id":"https:\/\/www.empark.com\/es\/#organization","name":"Empark","url":"https:\/\/www.empark.com\/es\/","logo":{"@type":"ImageObject","inLanguage":"es-ES","@id":"https:\/\/www.empark.com\/es\/#\/schema\/logo\/image\/","url":"https:\/\/www.empark.com\/wp-content\/uploads\/sites\/2\/2023\/09\/empark-logo.svg","contentUrl":"https:\/\/www.empark.com\/wp-content\/uploads\/sites\/2\/2023\/09\/empark-logo.svg","width":100,"height":32,"caption":"Empark"},"image":{"@id":"https:\/\/www.empark.com\/es\/#\/schema\/logo\/image\/"}},{"@type":"Person","@id":"https:\/\/www.empark.com\/es\/#\/schema\/person\/3159dc28f69f2219b5527b3bd638281a","name":"admin","image":{"@type":"ImageObject","inLanguage":"es-ES","@id":"https:\/\/www.empark.com\/es\/#\/schema\/person\/image\/","url":"https:\/\/secure.gravatar.com\/avatar\/020b2961abce7fff14e8e3b412115816?s=96&d=mm&r=g","contentUrl":"https:\/\/secure.gravatar.com\/avatar\/020b2961abce7fff14e8e3b412115816?s=96&d=mm&r=g","caption":"admin"},"sameAs":["https:\/\/telpark.com"]}]}},"meta_box":{"title":false,"level_title":false,"caption":false,"image":false,"style":false,"background":false,"image_mobile":false,"content_group":false,"show_google_play":false,"button_color_google_play":false,"show_apple_store":false,"button_color_apple_store":false,"banner_cta_type":false,"background_color":false,"background_mobile":false,"background_size":false,"background_position":false,"background_url":false,"background_target_blank":false,"text-align":false,"size":false,"order":false,"title_color":false,"description":false,"buttons_info":false,"cards":false,"button_info":false,"variant":false,"search_category":false,"benefits":false,"option_block":false,"location":false,"persons":false,"show_as_card":false,"text_color":false,"height":false,"show_selector":false,"placeholder":false,"searchbar_type":false,"searchbar_type_home":false,"products":false,"type":false,"columns":false,"show_mobile":false,"hide_mobile":false,"header":false,"KML":false,"tabs":false,"buttons":false,"choose_parking":false,"parkings":false,"data":false,"text":false,"short_code":false,"iframe_url":false,"iframe_title":false,"iframe_class":false,"iframe_width":false,"iframe_height":false,"map":false,"target_date":false,"background_image":false,"background_image_mobile":false,"completed_text":false,"label_days":false,"label_hours":false,"label_minutes":false,"label_seconds":false},"_links":{"self":[{"href":"https:\/\/www.empark.com\/es\/wp-json\/wp\/v2\/posts\/66"}],"collection":[{"href":"https:\/\/www.empark.com\/es\/wp-json\/wp\/v2\/posts"}],"about":[{"href":"https:\/\/www.empark.com\/es\/wp-json\/wp\/v2\/types\/post"}],"author":[{"embeddable":true,"href":"https:\/\/www.empark.com\/es\/wp-json\/wp\/v2\/users\/1"}],"replies":[{"embeddable":true,"href":"https:\/\/www.empark.com\/es\/wp-json\/wp\/v2\/comments?post=66"}],"version-history":[{"count":2,"href":"https:\/\/www.empark.com\/es\/wp-json\/wp\/v2\/posts\/66\/revisions"}],"predecessor-version":[{"id":1346,"href":"https:\/\/www.empark.com\/es\/wp-json\/wp\/v2\/posts\/66\/revisions\/1346"}],"wp:featuredmedia":[{"embeddable":true,"href":"https:\/\/www.empark.com\/es\/wp-json\/wp\/v2\/media\/170"}],"wp:attachment":[{"href":"https:\/\/www.empark.com\/es\/wp-json\/wp\/v2\/media?parent=66"}],"wp:term":[{"taxonomy":"category","embeddable":true,"href":"https:\/\/www.empark.com\/es\/wp-json\/wp\/v2\/categories?post=66"},{"taxonomy":"post_tag","embeddable":true,"href":"https:\/\/www.empark.com\/es\/wp-json\/wp\/v2\/tags?post=66"}],"curies":[{"name":"wp","href":"https:\/\/api.w.org\/{rel}","templated":true}]}}