{"id":4741,"date":"2025-11-17T14:32:59","date_gmt":"2025-11-17T13:32:59","guid":{"rendered":"https:\/\/www.empark.com\/?p=4741"},"modified":"2025-11-17T14:33:00","modified_gmt":"2025-11-17T13:33:00","slug":"telpark-acelera-su-crecimiento-y-bate-record-de-ebitda-en-los-nueve-primeros-meses-del-ano","status":"publish","type":"post","link":"https:\/\/www.empark.com\/es\/telpark-acelera-su-crecimiento-y-bate-record-de-ebitda-en-los-nueve-primeros-meses-del-ano\/","title":{"rendered":"Telpark acelera su crecimiento y bate r\u00e9cord de EBITDA en los nueve primeros meses del a\u00f1o"},"content":{"rendered":"<article class=\"tpk-page\">\n    <div class=\"row wrapper center-xs tpk-page__content\">\n        <div class=\"col-xs-12 col-sm-10 col-md-8 pt-4 pb-4\">\n            <blockquote>\n<p>El EBITDA ajustado ha crecido un 14,6% hasta los 90,6 millones de euros, con un margen r\u00e9cord del 52,8%.<\/p>\n<p>Los ingresos se han situado en 171,7 millones de euros, un 11% m\u00e1s que en el mismo periodo de 2024.<\/p>\n<p>Durante este periodo, la compa\u00f1\u00eda ha invertido 63,2 millones de euros en nuevos activos y concesiones incorporando m\u00e1s de 3.100 nuevas plazas a su portfolio.<\/p>\n<\/blockquote>\n<p><strong>Madrid, 17 de noviembre de 2025<\/strong>. El <a href=\"https:\/\/www.empark.com\/es\">Grupo Empark,<\/a> l\u00edder de servicios de estacionamiento en nuestro pa\u00eds que opera bajo la marca <strong>Telpark<\/strong>, sigue acelerando su crecimiento y afianza su liderazgo durante los nueve primeros meses de 2025. La compa\u00f1\u00eda ha registrado unos ingresos ajustados de <strong>171,7 millones de euros<\/strong>, lo que representa un incremento del <strong>11%<\/strong> con respecto al mismo periodo de 2024, impulsado por el s\u00f3lido desempe\u00f1o del negocio Off-Street y la tracci\u00f3n de su apuesta comercial y digital.<\/p>\n<p>El EBITDA ajustado asciende a<strong> 90,6 millones<\/strong>, el <strong>14,6%<\/strong> m\u00e1s que en el mismo periodo de 2024, con un <strong>margen del 52,8%<\/strong>, el m\u00e1s alto de la historia de la compa\u00f1\u00eda. Este rendimiento r\u00e9cord es el resultado del apalancamiento operativo y su apuesta por una estrategia comercial diferencial.<\/p>\n<p>El negocio Off-Street ha incrementado sus ingresos en un <strong>15%<\/strong> hasta alcanzar los<strong> 120,8 millones, excluyendo su negocio en Turqu\u00eda que fue vendido en el mes de abril.<\/strong> En este sentido, destaca el efecto positivo de nuevas adquisiciones e integraciones. La facturaci\u00f3n On-Street, por su parte, avanza un <strong>3%<\/strong>, hasta<strong> 49,8 millones<\/strong>, apoyada en la renovaci\u00f3n de contratos y la obtenci\u00f3n de nuevas concesiones.<\/p>\n<p>La penetraci\u00f3n digital, una de las palancas estrat\u00e9gicas de la compa\u00f1\u00eda, alcanza ya el <strong>20%<\/strong> sobre el negocio de rotaci\u00f3n off-street, tras crecer <strong>m\u00e1s de 300 puntos b\u00e1sicos<\/strong> en el \u00faltimo a\u00f1o. El n\u00famero de usuarios digitales de la app Telpark supera ya los<strong> 5,9 millones.<\/strong><\/p>\n<p>En este periodo, Telpark ha invertido<strong> 63,2 millones de euros<\/strong>, una cifra ligeramente <strong>superior a la de 2024,<\/strong> que ha sido destinada principalmente al desarrollo y mejora de activos Off-Street. Entre las principales operaciones destaca la adquisici\u00f3n de la cartera <strong>Turiapark<\/strong>, compuesta por cuatro activos en Valencia y Madrid, as\u00ed como el comienzo de gesti\u00f3n del <strong>Mercado de Almu\u00f1\u00e9car<\/strong> y la incorporaci\u00f3n de un nuevo aparcamiento en la ciudad de <strong>Viseu<\/strong>, consolidando la presencia de la compa\u00f1\u00eda en la localidad portuguesa. Adem\u00e1s, se ha puesto en marcha el nuevo aparcamiento <strong>Albacete-Jes\u00fas en Valencia,<\/strong> una instalaci\u00f3n de nueva construcci\u00f3n. En el \u00e1rea On-Street, se han renovado contratos en ciudades como <strong>Fuengirola, Luanco y Sig\u00fcenza<\/strong>, entre otras. En total, todo ello ha supuesto la incorporaci\u00f3n de m\u00e1s de<strong> 3.100 nuevas plazas<\/strong> a su portfolio.<\/p>\n<p>En palabras de <strong>I\u00f1igo Duque, Chief Financial Officer de Telpark<\/strong>: \u201cEstos resultados reflejan el \u00e9xito de nuestra estrategia, basada en la transformaci\u00f3n digital, el refuerzo de la oferta de recarga el\u00e9ctrica y el crecimiento selectivo del portfolio. Estamos en una posici\u00f3n s\u00f3lida para seguir innovando y liderando la movilidad sostenible en el sur de Europa, maximizando la rentabilidad y la generaci\u00f3n de valor para nuestros clientes y accionistas\u201d.<\/p>\n<p>Telpark gestiona actualmente m\u00e1s de<strong> 335.900 plazas<\/strong> de aparcamiento en <strong>m\u00e1s de 150 ciudades de Espa\u00f1a y Portugal<\/strong>. Con estos resultados, la compa\u00f1\u00eda consolida su liderazgo en el mercado y su compromiso con la innovaci\u00f3n, el desarrollo urbano sostenible y la experiencia del usuario, manteniendo el foco en la expansi\u00f3n de nuevos servicios y la creaci\u00f3n de valor a largo plazo para ciudades, clientes y accionistas.<\/p>\n<table>\n<tbody>\n<tr>\n<td colspan=\"2\" width=\"564\">\n<p>PRINCIPALES INDICADORES ECON\u00d3MICOS (TERCER TRIMESTRE DE 2025)<\/p>\n<\/td>\n<\/tr>\n<tr>\n<td width=\"282\">\n<p>Ingresos<\/p>\n<\/td>\n<td width=\"282\">\n<p>171,7 millones de euros<\/p>\n<\/td>\n<\/tr>\n<tr>\n<td width=\"282\">\n<p>EBITDA ajustado<\/p>\n<\/td>\n<td width=\"282\">\n<p>90,6 millones de euros<\/p>\n<\/td>\n<\/tr>\n<tr>\n<td width=\"282\">\n<p>Margen EBITDA<\/p>\n<\/td>\n<td width=\"282\">\n<p>52,8%<\/p>\n<\/td>\n<\/tr>\n<tr>\n<td width=\"282\">\n<p>CAPEX TOTAL<\/p>\n<\/td>\n<td width=\"282\">\n<p>63,2 millones de euros<\/p>\n<\/td>\n<\/tr>\n<tr>\n<td width=\"282\">\n<p>Apalancamiento<\/p>\n<\/td>\n<td width=\"282\">\n<p>6,6x (deuda neta \/ LTM PF EBITDA)<\/p>\n<\/td>\n<\/tr>\n<tr>\n<td width=\"282\">\n<p>N.\u00ba total de plazas<\/p>\n<\/td>\n<td width=\"282\">\n<p>335.900<\/p>\n<\/td>\n<\/tr>\n<\/tbody>\n<\/table>\n\n        <\/div>\n    <\/div>\n<\/article>","protected":false},"excerpt":{"rendered":"","protected":false},"author":1920,"featured_media":4743,"comment_status":"open","ping_status":"open","sticky":false,"template":"","format":"standard","meta":{"footnotes":""},"categories":[1],"tags":[],"yoast_head":"<!-- This site is optimized with the Yoast SEO plugin v20.12 - https:\/\/yoast.com\/wordpress\/plugins\/seo\/ -->\n<title>Telpark acelera su crecimiento y bate r\u00e9cord de EBITDA en los nueve primeros meses del a\u00f1o - Empark<\/title>\n<meta name=\"robots\" content=\"index, follow, max-snippet:-1, max-image-preview:large, max-video-preview:-1\" \/>\n<link rel=\"canonical\" href=\"https:\/\/www.empark.com\/es\/telpark-acelera-su-crecimiento-y-bate-record-de-ebitda-en-los-nueve-primeros-meses-del-ano\/\" \/>\n<meta property=\"og:locale\" content=\"es_ES\" \/>\n<meta property=\"og:type\" content=\"article\" \/>\n<meta property=\"og:title\" content=\"Telpark acelera su crecimiento y bate r\u00e9cord de EBITDA en los nueve primeros meses del a\u00f1o - Empark\" \/>\n<meta property=\"og:url\" content=\"https:\/\/www.empark.com\/es\/telpark-acelera-su-crecimiento-y-bate-record-de-ebitda-en-los-nueve-primeros-meses-del-ano\/\" \/>\n<meta property=\"og:site_name\" content=\"Empark\" \/>\n<meta property=\"article:published_time\" content=\"2025-11-17T13:32:59+00:00\" \/>\n<meta property=\"article:modified_time\" content=\"2025-11-17T13:33:00+00:00\" \/>\n<meta property=\"og:image\" content=\"https:\/\/www.empark.com\/wp-content\/uploads\/sites\/2\/2025\/11\/RESULTADOS_3Q2025.jpg\" \/>\n\t<meta property=\"og:image:width\" content=\"960\" \/>\n\t<meta property=\"og:image:height\" content=\"604\" \/>\n\t<meta property=\"og:image:type\" content=\"image\/jpeg\" \/>\n<meta name=\"author\" content=\"carlos\" \/>\n<meta name=\"twitter:card\" content=\"summary_large_image\" \/>\n<meta name=\"twitter:label1\" content=\"Written by\" \/>\n\t<meta name=\"twitter:data1\" content=\"carlos\" \/>\n<script type=\"application\/ld+json\" class=\"yoast-schema-graph\">{\"@context\":\"https:\/\/schema.org\",\"@graph\":[{\"@type\":\"Article\",\"@id\":\"https:\/\/www.empark.com\/es\/telpark-acelera-su-crecimiento-y-bate-record-de-ebitda-en-los-nueve-primeros-meses-del-ano\/#article\",\"isPartOf\":{\"@id\":\"https:\/\/www.empark.com\/es\/telpark-acelera-su-crecimiento-y-bate-record-de-ebitda-en-los-nueve-primeros-meses-del-ano\/\"},\"author\":{\"name\":\"carlos\",\"@id\":\"https:\/\/www.empark.com\/es\/#\/schema\/person\/b0696119788d963754c818b9e1c3e51f\"},\"headline\":\"Telpark acelera su crecimiento y bate r\u00e9cord de EBITDA en los nueve primeros meses del a\u00f1o\",\"datePublished\":\"2025-11-17T13:32:59+00:00\",\"dateModified\":\"2025-11-17T13:33:00+00:00\",\"mainEntityOfPage\":{\"@id\":\"https:\/\/www.empark.com\/es\/telpark-acelera-su-crecimiento-y-bate-record-de-ebitda-en-los-nueve-primeros-meses-del-ano\/\"},\"wordCount\":18,\"commentCount\":0,\"publisher\":{\"@id\":\"https:\/\/www.empark.com\/es\/#organization\"},\"articleSection\":[\"Sin categorizar\"],\"inLanguage\":\"es-ES\",\"potentialAction\":[{\"@type\":\"CommentAction\",\"name\":\"Comment\",\"target\":[\"https:\/\/www.empark.com\/es\/telpark-acelera-su-crecimiento-y-bate-record-de-ebitda-en-los-nueve-primeros-meses-del-ano\/#respond\"]}]},{\"@type\":\"WebPage\",\"@id\":\"https:\/\/www.empark.com\/es\/telpark-acelera-su-crecimiento-y-bate-record-de-ebitda-en-los-nueve-primeros-meses-del-ano\/\",\"url\":\"https:\/\/www.empark.com\/es\/telpark-acelera-su-crecimiento-y-bate-record-de-ebitda-en-los-nueve-primeros-meses-del-ano\/\",\"name\":\"Telpark acelera su crecimiento y bate r\u00e9cord de EBITDA en los nueve primeros meses del a\u00f1o - Empark\",\"isPartOf\":{\"@id\":\"https:\/\/www.empark.com\/es\/#website\"},\"datePublished\":\"2025-11-17T13:32:59+00:00\",\"dateModified\":\"2025-11-17T13:33:00+00:00\",\"breadcrumb\":{\"@id\":\"https:\/\/www.empark.com\/es\/telpark-acelera-su-crecimiento-y-bate-record-de-ebitda-en-los-nueve-primeros-meses-del-ano\/#breadcrumb\"},\"inLanguage\":\"es-ES\",\"potentialAction\":[{\"@type\":\"ReadAction\",\"target\":[\"https:\/\/www.empark.com\/es\/telpark-acelera-su-crecimiento-y-bate-record-de-ebitda-en-los-nueve-primeros-meses-del-ano\/\"]}]},{\"@type\":\"BreadcrumbList\",\"@id\":\"https:\/\/www.empark.com\/es\/telpark-acelera-su-crecimiento-y-bate-record-de-ebitda-en-los-nueve-primeros-meses-del-ano\/#breadcrumb\",\"itemListElement\":[{\"@type\":\"ListItem\",\"position\":1,\"name\":\"Home\",\"item\":\"https:\/\/www.empark.com\/es\/\"},{\"@type\":\"ListItem\",\"position\":2,\"name\":\"Telpark acelera su crecimiento y bate r\u00e9cord de EBITDA en los nueve primeros meses del a\u00f1o\"}]},{\"@type\":\"WebSite\",\"@id\":\"https:\/\/www.empark.com\/es\/#website\",\"url\":\"https:\/\/www.empark.com\/es\/\",\"name\":\"Empark\",\"description\":\"L\u00edderes en el sector de aparcamientos y movilidad, con m\u00e1s de 455.000 plazas de aparcamiento que facilitan el desplazamiento de 150 millones de personas\",\"publisher\":{\"@id\":\"https:\/\/www.empark.com\/es\/#organization\"},\"potentialAction\":[{\"@type\":\"SearchAction\",\"target\":{\"@type\":\"EntryPoint\",\"urlTemplate\":\"https:\/\/www.empark.com\/es\/?s={search_term_string}\"},\"query-input\":\"required name=search_term_string\"}],\"inLanguage\":\"es-ES\"},{\"@type\":\"Organization\",\"@id\":\"https:\/\/www.empark.com\/es\/#organization\",\"name\":\"Empark\",\"url\":\"https:\/\/www.empark.com\/es\/\",\"logo\":{\"@type\":\"ImageObject\",\"inLanguage\":\"es-ES\",\"@id\":\"https:\/\/www.empark.com\/es\/#\/schema\/logo\/image\/\",\"url\":\"https:\/\/www.empark.com\/wp-content\/uploads\/sites\/2\/2023\/09\/empark-logo.svg\",\"contentUrl\":\"https:\/\/www.empark.com\/wp-content\/uploads\/sites\/2\/2023\/09\/empark-logo.svg\",\"width\":100,\"height\":32,\"caption\":\"Empark\"},\"image\":{\"@id\":\"https:\/\/www.empark.com\/es\/#\/schema\/logo\/image\/\"}},{\"@type\":\"Person\",\"@id\":\"https:\/\/www.empark.com\/es\/#\/schema\/person\/b0696119788d963754c818b9e1c3e51f\",\"name\":\"carlos\",\"image\":{\"@type\":\"ImageObject\",\"inLanguage\":\"es-ES\",\"@id\":\"https:\/\/www.empark.com\/es\/#\/schema\/person\/image\/\",\"url\":\"https:\/\/secure.gravatar.com\/avatar\/6d94fc5f41bba7a6d30d5b71aac197c7?s=96&d=mm&r=g\",\"contentUrl\":\"https:\/\/secure.gravatar.com\/avatar\/6d94fc5f41bba7a6d30d5b71aac197c7?s=96&d=mm&r=g\",\"caption\":\"carlos\"}}]}<\/script>\n<!-- \/ Yoast SEO plugin. -->","yoast_head_json":{"title":"Telpark acelera su crecimiento y bate r\u00e9cord de EBITDA en los nueve primeros meses del a\u00f1o - Empark","robots":{"index":"index","follow":"follow","max-snippet":"max-snippet:-1","max-image-preview":"max-image-preview:large","max-video-preview":"max-video-preview:-1"},"canonical":"https:\/\/www.empark.com\/es\/telpark-acelera-su-crecimiento-y-bate-record-de-ebitda-en-los-nueve-primeros-meses-del-ano\/","og_locale":"es_ES","og_type":"article","og_title":"Telpark acelera su crecimiento y bate r\u00e9cord de EBITDA en los nueve primeros meses del a\u00f1o - Empark","og_url":"https:\/\/www.empark.com\/es\/telpark-acelera-su-crecimiento-y-bate-record-de-ebitda-en-los-nueve-primeros-meses-del-ano\/","og_site_name":"Empark","article_published_time":"2025-11-17T13:32:59+00:00","article_modified_time":"2025-11-17T13:33:00+00:00","og_image":[{"width":960,"height":604,"url":"https:\/\/www.empark.com\/wp-content\/uploads\/sites\/2\/2025\/11\/RESULTADOS_3Q2025.jpg","type":"image\/jpeg"}],"author":"carlos","twitter_card":"summary_large_image","twitter_misc":{"Written by":"carlos"},"schema":{"@context":"https:\/\/schema.org","@graph":[{"@type":"Article","@id":"https:\/\/www.empark.com\/es\/telpark-acelera-su-crecimiento-y-bate-record-de-ebitda-en-los-nueve-primeros-meses-del-ano\/#article","isPartOf":{"@id":"https:\/\/www.empark.com\/es\/telpark-acelera-su-crecimiento-y-bate-record-de-ebitda-en-los-nueve-primeros-meses-del-ano\/"},"author":{"name":"carlos","@id":"https:\/\/www.empark.com\/es\/#\/schema\/person\/b0696119788d963754c818b9e1c3e51f"},"headline":"Telpark acelera su crecimiento y bate r\u00e9cord de EBITDA en los nueve primeros meses del a\u00f1o","datePublished":"2025-11-17T13:32:59+00:00","dateModified":"2025-11-17T13:33:00+00:00","mainEntityOfPage":{"@id":"https:\/\/www.empark.com\/es\/telpark-acelera-su-crecimiento-y-bate-record-de-ebitda-en-los-nueve-primeros-meses-del-ano\/"},"wordCount":18,"commentCount":0,"publisher":{"@id":"https:\/\/www.empark.com\/es\/#organization"},"articleSection":["Sin categorizar"],"inLanguage":"es-ES","potentialAction":[{"@type":"CommentAction","name":"Comment","target":["https:\/\/www.empark.com\/es\/telpark-acelera-su-crecimiento-y-bate-record-de-ebitda-en-los-nueve-primeros-meses-del-ano\/#respond"]}]},{"@type":"WebPage","@id":"https:\/\/www.empark.com\/es\/telpark-acelera-su-crecimiento-y-bate-record-de-ebitda-en-los-nueve-primeros-meses-del-ano\/","url":"https:\/\/www.empark.com\/es\/telpark-acelera-su-crecimiento-y-bate-record-de-ebitda-en-los-nueve-primeros-meses-del-ano\/","name":"Telpark acelera su crecimiento y bate r\u00e9cord de EBITDA en los nueve primeros meses del a\u00f1o - Empark","isPartOf":{"@id":"https:\/\/www.empark.com\/es\/#website"},"datePublished":"2025-11-17T13:32:59+00:00","dateModified":"2025-11-17T13:33:00+00:00","breadcrumb":{"@id":"https:\/\/www.empark.com\/es\/telpark-acelera-su-crecimiento-y-bate-record-de-ebitda-en-los-nueve-primeros-meses-del-ano\/#breadcrumb"},"inLanguage":"es-ES","potentialAction":[{"@type":"ReadAction","target":["https:\/\/www.empark.com\/es\/telpark-acelera-su-crecimiento-y-bate-record-de-ebitda-en-los-nueve-primeros-meses-del-ano\/"]}]},{"@type":"BreadcrumbList","@id":"https:\/\/www.empark.com\/es\/telpark-acelera-su-crecimiento-y-bate-record-de-ebitda-en-los-nueve-primeros-meses-del-ano\/#breadcrumb","itemListElement":[{"@type":"ListItem","position":1,"name":"Home","item":"https:\/\/www.empark.com\/es\/"},{"@type":"ListItem","position":2,"name":"Telpark acelera su crecimiento y bate r\u00e9cord de EBITDA en los nueve primeros meses del a\u00f1o"}]},{"@type":"WebSite","@id":"https:\/\/www.empark.com\/es\/#website","url":"https:\/\/www.empark.com\/es\/","name":"Empark","description":"L\u00edderes en el sector de aparcamientos y movilidad, con m\u00e1s de 455.000 plazas de aparcamiento que facilitan el desplazamiento de 150 millones de personas","publisher":{"@id":"https:\/\/www.empark.com\/es\/#organization"},"potentialAction":[{"@type":"SearchAction","target":{"@type":"EntryPoint","urlTemplate":"https:\/\/www.empark.com\/es\/?s={search_term_string}"},"query-input":"required name=search_term_string"}],"inLanguage":"es-ES"},{"@type":"Organization","@id":"https:\/\/www.empark.com\/es\/#organization","name":"Empark","url":"https:\/\/www.empark.com\/es\/","logo":{"@type":"ImageObject","inLanguage":"es-ES","@id":"https:\/\/www.empark.com\/es\/#\/schema\/logo\/image\/","url":"https:\/\/www.empark.com\/wp-content\/uploads\/sites\/2\/2023\/09\/empark-logo.svg","contentUrl":"https:\/\/www.empark.com\/wp-content\/uploads\/sites\/2\/2023\/09\/empark-logo.svg","width":100,"height":32,"caption":"Empark"},"image":{"@id":"https:\/\/www.empark.com\/es\/#\/schema\/logo\/image\/"}},{"@type":"Person","@id":"https:\/\/www.empark.com\/es\/#\/schema\/person\/b0696119788d963754c818b9e1c3e51f","name":"carlos","image":{"@type":"ImageObject","inLanguage":"es-ES","@id":"https:\/\/www.empark.com\/es\/#\/schema\/person\/image\/","url":"https:\/\/secure.gravatar.com\/avatar\/6d94fc5f41bba7a6d30d5b71aac197c7?s=96&d=mm&r=g","contentUrl":"https:\/\/secure.gravatar.com\/avatar\/6d94fc5f41bba7a6d30d5b71aac197c7?s=96&d=mm&r=g","caption":"carlos"}}]}},"meta_box":{"title":false,"level_title":false,"caption":false,"image":false,"style":false,"background":false,"image_mobile":false,"content_group":false,"show_google_play":false,"button_color_google_play":false,"show_apple_store":false,"button_color_apple_store":false,"banner_cta_type":false,"background_color":false,"background_mobile":false,"background_size":false,"background_position":false,"background_url":false,"background_target_blank":false,"text-align":false,"size":false,"order":false,"title_color":false,"description":false,"buttons_info":false,"cards":false,"button_info":false,"variant":false,"search_category":false,"benefits":false,"option_block":false,"location":false,"persons":false,"show_as_card":false,"text_color":false,"height":false,"show_selector":false,"placeholder":false,"searchbar_type":false,"searchbar_type_home":false,"products":false,"type":false,"columns":false,"show_mobile":false,"hide_mobile":false,"header":false,"KML":false,"tabs":false,"buttons":false,"choose_parking":false,"parkings":false,"data":false,"text":false,"short_code":false,"iframe_url":false,"iframe_title":false,"iframe_class":false,"iframe_width":false,"iframe_height":false,"map":false,"target_date":false,"background_image":false,"background_image_mobile":false,"completed_text":false,"label_days":false,"label_hours":false,"label_minutes":false,"label_seconds":false},"_links":{"self":[{"href":"https:\/\/www.empark.com\/es\/wp-json\/wp\/v2\/posts\/4741"}],"collection":[{"href":"https:\/\/www.empark.com\/es\/wp-json\/wp\/v2\/posts"}],"about":[{"href":"https:\/\/www.empark.com\/es\/wp-json\/wp\/v2\/types\/post"}],"author":[{"embeddable":true,"href":"https:\/\/www.empark.com\/es\/wp-json\/wp\/v2\/users\/1920"}],"replies":[{"embeddable":true,"href":"https:\/\/www.empark.com\/es\/wp-json\/wp\/v2\/comments?post=4741"}],"version-history":[{"count":4,"href":"https:\/\/www.empark.com\/es\/wp-json\/wp\/v2\/posts\/4741\/revisions"}],"predecessor-version":[{"id":5050,"href":"https:\/\/www.empark.com\/es\/wp-json\/wp\/v2\/posts\/4741\/revisions\/5050"}],"wp:featuredmedia":[{"embeddable":true,"href":"https:\/\/www.empark.com\/es\/wp-json\/wp\/v2\/media\/4743"}],"wp:attachment":[{"href":"https:\/\/www.empark.com\/es\/wp-json\/wp\/v2\/media?parent=4741"}],"wp:term":[{"taxonomy":"category","embeddable":true,"href":"https:\/\/www.empark.com\/es\/wp-json\/wp\/v2\/categories?post=4741"},{"taxonomy":"post_tag","embeddable":true,"href":"https:\/\/www.empark.com\/es\/wp-json\/wp\/v2\/tags?post=4741"}],"curies":[{"name":"wp","href":"https:\/\/api.w.org\/{rel}","templated":true}]}}