{"id":4507,"date":"2025-09-01T09:49:56","date_gmt":"2025-09-01T08:49:56","guid":{"rendered":"https:\/\/www.empark.com\/?p=4507"},"modified":"2025-09-01T09:53:57","modified_gmt":"2025-09-01T08:53:57","slug":"telpark-y-europcar-cierran-un-acuerdo-para-ofrecer-estacionamiento-ilimitado-en-siete-ciudades-de-la-peninsula-iberica","status":"publish","type":"post","link":"https:\/\/www.empark.com\/es\/telpark-y-europcar-cierran-un-acuerdo-para-ofrecer-estacionamiento-ilimitado-en-siete-ciudades-de-la-peninsula-iberica\/","title":{"rendered":"Telpark y Europcar cierran un acuerdo para ofrecer estacionamiento ilimitado en siete ciudades de la pen\u00ednsula ib\u00e9rica"},"content":{"rendered":"<article class=\"tpk-page\">\n    <div class=\"row wrapper center-xs tpk-page__content\">\n        <div class=\"col-xs-12 col-sm-10 col-md-8 pt-4 pb-4\">\n            <blockquote>\n<p><strong><em>El acuerdo permitir\u00e1 a los usuarios de Europcar acceder, desde 14,90 \u20ac\/d\u00eda, a m\u00e1s de 100 aparcamientos de la red Telpark en Madrid, Barcelona, Bilbao, Granada, Lisboa, Oporto y Faro, con entradas y salidas ilimitadas durante su alquiler.\u00a0<\/em><\/strong><\/p>\n<\/blockquote>\n<p><strong><em>01 <\/em><\/strong><strong><em>de septiembre de 2025.-<\/em><\/strong> Telpark, compa\u00f1\u00eda l\u00edder en servicios de movilidad urbana en la Pen\u00ednsula Ib\u00e9rica, y Europcar, operador l\u00edder en alquiler de coches en Europa han firmado un acuerdo para ofrecer a los clientes de alquiler de veh\u00edculos una <strong>suscripci\u00f3n diaria de aparcamiento<\/strong> que permite acceder, desde 14,90 \u20ac\/d\u00eda, a m\u00e1s de 100 aparcamientos de la red Telpark en Madrid, Barcelona, Bilbao, Granada, Lisboa, Oporto y Faro.<\/p>\n<p>La suscripci\u00f3n, ya disponible en las agencias participantes de Europcar en Espa\u00f1a y Portugal, ofrece acceso sin l\u00edmite a los aparcamientos incluidos durante el d\u00eda contratado y se podr\u00e1 activar f\u00e1cilmente durante el proceso de reserva del veh\u00edculo. Esta nueva opci\u00f3n elimina la necesidad de buscar aparcamiento o abonar pagos por separado, al centralizar la gesti\u00f3n en un \u00fanico entorno digital sencillo y seguro, a trav\u00e9s de la aplicaci\u00f3n de Telpark.<\/p>\n<p>Con este acuerdo, ambas compa\u00f1\u00edas integran en un mismo servicio el alquiler de veh\u00edculo y el estacionamiento urbano, una f\u00f3rmula pensada para facilitar los desplazamientos en zonas de alta demanda.<\/p>\n<p>Telpark es una de las principales plataformas digitales de movilidad urbana de la Pen\u00ednsula Ib\u00e9rica, con m\u00e1s de 5.6 millones de usuarios activos y una red de parkings y servicios que conectan a las personas con la ciudad.<\/p>\n<p>\"Esta colaboraci\u00f3n con Telpark es un paso natural en nuestro compromiso de ofrecer una experiencia m\u00e1s fluida y c\u00f3moda a nuestros clientes, especialmente en entornos urbanos\", dice <strong>Jos\u00e9 Marques<\/strong>, Director de Operaciones de Europcar Portugal.<\/p>\n<p>\u201cEn Telpark dise\u00f1amos soluciones que simplifican la movilidad urbana. Esta colaboraci\u00f3n con Europcar nos permite ampliar el acceso a nuestra red de aparcamientos, ofreciendo a sus clientes una experiencia de estacionamiento digital, c\u00f3moda y eficiente\u201d, destaca <strong>Jo\u00e3o Almeida<\/strong>, Director de Operaciones de Telpark.<\/p>\n<p>&nbsp;<\/p>\n<p><strong><u>Conoce Telpark<\/u><\/strong><\/p>\n<p>Con una trayectoria de m\u00e1s de 50 a\u00f1os en el sector y presencia en cerca de 150 ciudades, Empark\/Dornier es el principal operador en gesti\u00f3n integral de aparcamientos (Off Street) y estacionamiento regulado en v\u00eda p\u00fablica (On Street) de Espa\u00f1a y Portugal. Es una compa\u00f1\u00eda participada por el fondo de inversi\u00f3n Macquarie.<\/p>\n<p>La compa\u00f1\u00eda, que opera bajo la marca comercial Telpark, basa su modelo de crecimiento en una amplia oferta de servicios orientada a construir la mejor experiencia integral en torno a la movilidad urbana bajo una apuesta firme por la innovaci\u00f3n tecnol\u00f3gica como palanca clave para situar al ciudadano en el centro de su propuesta.<\/p>\n<p>Fue pionera con la creaci\u00f3n en 2013 de su app m\u00f3vil para la reserva y gesti\u00f3n de aparcamientos Telpark, que actualmente es la m\u00e1s usada y descargada en aparcamiento en la Pen\u00ednsula Ib\u00e9rica con m\u00e1s de 5,6 millones de usuarios.<\/p>\n<p>Adem\u00e1s del liderazgo de su app, la compa\u00f1\u00eda se encuentra inmersa en el despliegue de su red de puntos de recarga el\u00e9ctrica con m\u00e1s de 1.300 puntos en Iberia integrados en su app, lo que permite localizar, cargar y pagar de manera sencilla.<\/p>\n<p>M\u00e1s informaci\u00f3n en: <a href=\"https:\/\/www.empark.com\">https:\/\/www.empark.com<\/a><\/p>\n\n        <\/div>\n    <\/div>\n<\/article>","protected":false},"excerpt":{"rendered":"","protected":false},"author":13,"featured_media":4516,"comment_status":"open","ping_status":"open","sticky":false,"template":"","format":"standard","meta":{"footnotes":""},"categories":[1],"tags":[],"yoast_head":"<!-- This site is optimized with the Yoast SEO plugin v20.12 - https:\/\/yoast.com\/wordpress\/plugins\/seo\/ -->\n<title>Telpark y Europcar cierran un acuerdo para ofrecer estacionamiento ilimitado en siete ciudades de la pen\u00ednsula ib\u00e9rica - Empark<\/title>\n<meta name=\"robots\" content=\"index, follow, max-snippet:-1, max-image-preview:large, max-video-preview:-1\" \/>\n<link rel=\"canonical\" href=\"https:\/\/www.empark.com\/es\/telpark-y-europcar-cierran-un-acuerdo-para-ofrecer-estacionamiento-ilimitado-en-siete-ciudades-de-la-peninsula-iberica\/\" \/>\n<meta property=\"og:locale\" content=\"es_ES\" \/>\n<meta property=\"og:type\" content=\"article\" \/>\n<meta property=\"og:title\" content=\"Telpark y Europcar cierran un acuerdo para ofrecer estacionamiento ilimitado en siete ciudades de la pen\u00ednsula ib\u00e9rica - Empark\" \/>\n<meta property=\"og:url\" content=\"https:\/\/www.empark.com\/es\/telpark-y-europcar-cierran-un-acuerdo-para-ofrecer-estacionamiento-ilimitado-en-siete-ciudades-de-la-peninsula-iberica\/\" \/>\n<meta property=\"og:site_name\" content=\"Empark\" \/>\n<meta property=\"article:published_time\" content=\"2025-09-01T08:49:56+00:00\" \/>\n<meta property=\"article:modified_time\" content=\"2025-09-01T08:53:57+00:00\" \/>\n<meta property=\"og:image\" content=\"https:\/\/www.empark.com\/wp-content\/uploads\/sites\/2\/2025\/09\/Acuerdo-Europcar.v2.jpg\" \/>\n\t<meta property=\"og:image:width\" content=\"600\" \/>\n\t<meta property=\"og:image:height\" content=\"800\" \/>\n\t<meta property=\"og:image:type\" content=\"image\/jpeg\" \/>\n<meta name=\"author\" content=\"elezanap\" \/>\n<meta name=\"twitter:card\" content=\"summary_large_image\" \/>\n<meta name=\"twitter:label1\" content=\"Written by\" \/>\n\t<meta name=\"twitter:data1\" content=\"elezanap\" \/>\n<script type=\"application\/ld+json\" class=\"yoast-schema-graph\">{\"@context\":\"https:\/\/schema.org\",\"@graph\":[{\"@type\":\"Article\",\"@id\":\"https:\/\/www.empark.com\/es\/telpark-y-europcar-cierran-un-acuerdo-para-ofrecer-estacionamiento-ilimitado-en-siete-ciudades-de-la-peninsula-iberica\/#article\",\"isPartOf\":{\"@id\":\"https:\/\/www.empark.com\/es\/telpark-y-europcar-cierran-un-acuerdo-para-ofrecer-estacionamiento-ilimitado-en-siete-ciudades-de-la-peninsula-iberica\/\"},\"author\":{\"name\":\"elezanap\",\"@id\":\"https:\/\/www.empark.com\/es\/#\/schema\/person\/46d89a7546aea0aadaf0ec76ce975b8d\"},\"headline\":\"Telpark y Europcar cierran un acuerdo para ofrecer estacionamiento ilimitado en siete ciudades de la pen\u00ednsula ib\u00e9rica\",\"datePublished\":\"2025-09-01T08:49:56+00:00\",\"dateModified\":\"2025-09-01T08:53:57+00:00\",\"mainEntityOfPage\":{\"@id\":\"https:\/\/www.empark.com\/es\/telpark-y-europcar-cierran-un-acuerdo-para-ofrecer-estacionamiento-ilimitado-en-siete-ciudades-de-la-peninsula-iberica\/\"},\"wordCount\":19,\"commentCount\":0,\"publisher\":{\"@id\":\"https:\/\/www.empark.com\/es\/#organization\"},\"articleSection\":[\"Sin categorizar\"],\"inLanguage\":\"es-ES\",\"potentialAction\":[{\"@type\":\"CommentAction\",\"name\":\"Comment\",\"target\":[\"https:\/\/www.empark.com\/es\/telpark-y-europcar-cierran-un-acuerdo-para-ofrecer-estacionamiento-ilimitado-en-siete-ciudades-de-la-peninsula-iberica\/#respond\"]}]},{\"@type\":\"WebPage\",\"@id\":\"https:\/\/www.empark.com\/es\/telpark-y-europcar-cierran-un-acuerdo-para-ofrecer-estacionamiento-ilimitado-en-siete-ciudades-de-la-peninsula-iberica\/\",\"url\":\"https:\/\/www.empark.com\/es\/telpark-y-europcar-cierran-un-acuerdo-para-ofrecer-estacionamiento-ilimitado-en-siete-ciudades-de-la-peninsula-iberica\/\",\"name\":\"Telpark y Europcar cierran un acuerdo para ofrecer estacionamiento ilimitado en siete ciudades de la pen\u00ednsula ib\u00e9rica - Empark\",\"isPartOf\":{\"@id\":\"https:\/\/www.empark.com\/es\/#website\"},\"datePublished\":\"2025-09-01T08:49:56+00:00\",\"dateModified\":\"2025-09-01T08:53:57+00:00\",\"breadcrumb\":{\"@id\":\"https:\/\/www.empark.com\/es\/telpark-y-europcar-cierran-un-acuerdo-para-ofrecer-estacionamiento-ilimitado-en-siete-ciudades-de-la-peninsula-iberica\/#breadcrumb\"},\"inLanguage\":\"es-ES\",\"potentialAction\":[{\"@type\":\"ReadAction\",\"target\":[\"https:\/\/www.empark.com\/es\/telpark-y-europcar-cierran-un-acuerdo-para-ofrecer-estacionamiento-ilimitado-en-siete-ciudades-de-la-peninsula-iberica\/\"]}]},{\"@type\":\"BreadcrumbList\",\"@id\":\"https:\/\/www.empark.com\/es\/telpark-y-europcar-cierran-un-acuerdo-para-ofrecer-estacionamiento-ilimitado-en-siete-ciudades-de-la-peninsula-iberica\/#breadcrumb\",\"itemListElement\":[{\"@type\":\"ListItem\",\"position\":1,\"name\":\"Home\",\"item\":\"https:\/\/www.empark.com\/es\/\"},{\"@type\":\"ListItem\",\"position\":2,\"name\":\"Telpark y Europcar cierran un acuerdo para ofrecer estacionamiento ilimitado en siete ciudades de la pen\u00ednsula ib\u00e9rica\"}]},{\"@type\":\"WebSite\",\"@id\":\"https:\/\/www.empark.com\/es\/#website\",\"url\":\"https:\/\/www.empark.com\/es\/\",\"name\":\"Empark\",\"description\":\"L\u00edderes en el sector de aparcamientos y movilidad, con m\u00e1s de 455.000 plazas de aparcamiento que facilitan el desplazamiento de 150 millones de personas\",\"publisher\":{\"@id\":\"https:\/\/www.empark.com\/es\/#organization\"},\"potentialAction\":[{\"@type\":\"SearchAction\",\"target\":{\"@type\":\"EntryPoint\",\"urlTemplate\":\"https:\/\/www.empark.com\/es\/?s={search_term_string}\"},\"query-input\":\"required name=search_term_string\"}],\"inLanguage\":\"es-ES\"},{\"@type\":\"Organization\",\"@id\":\"https:\/\/www.empark.com\/es\/#organization\",\"name\":\"Empark\",\"url\":\"https:\/\/www.empark.com\/es\/\",\"logo\":{\"@type\":\"ImageObject\",\"inLanguage\":\"es-ES\",\"@id\":\"https:\/\/www.empark.com\/es\/#\/schema\/logo\/image\/\",\"url\":\"https:\/\/www.empark.com\/wp-content\/uploads\/sites\/2\/2023\/09\/empark-logo.svg\",\"contentUrl\":\"https:\/\/www.empark.com\/wp-content\/uploads\/sites\/2\/2023\/09\/empark-logo.svg\",\"width\":100,\"height\":32,\"caption\":\"Empark\"},\"image\":{\"@id\":\"https:\/\/www.empark.com\/es\/#\/schema\/logo\/image\/\"}},{\"@type\":\"Person\",\"@id\":\"https:\/\/www.empark.com\/es\/#\/schema\/person\/46d89a7546aea0aadaf0ec76ce975b8d\",\"name\":\"elezanap\",\"image\":{\"@type\":\"ImageObject\",\"inLanguage\":\"es-ES\",\"@id\":\"https:\/\/www.empark.com\/es\/#\/schema\/person\/image\/\",\"url\":\"https:\/\/secure.gravatar.com\/avatar\/c3b9eede1a478747f56212e1acbe2d3e?s=96&d=mm&r=g\",\"contentUrl\":\"https:\/\/secure.gravatar.com\/avatar\/c3b9eede1a478747f56212e1acbe2d3e?s=96&d=mm&r=g\",\"caption\":\"elezanap\"}}]}<\/script>\n<!-- \/ Yoast SEO plugin. -->","yoast_head_json":{"title":"Telpark y Europcar cierran un acuerdo para ofrecer estacionamiento ilimitado en siete ciudades de la pen\u00ednsula ib\u00e9rica - Empark","robots":{"index":"index","follow":"follow","max-snippet":"max-snippet:-1","max-image-preview":"max-image-preview:large","max-video-preview":"max-video-preview:-1"},"canonical":"https:\/\/www.empark.com\/es\/telpark-y-europcar-cierran-un-acuerdo-para-ofrecer-estacionamiento-ilimitado-en-siete-ciudades-de-la-peninsula-iberica\/","og_locale":"es_ES","og_type":"article","og_title":"Telpark y Europcar cierran un acuerdo para ofrecer estacionamiento ilimitado en siete ciudades de la pen\u00ednsula ib\u00e9rica - Empark","og_url":"https:\/\/www.empark.com\/es\/telpark-y-europcar-cierran-un-acuerdo-para-ofrecer-estacionamiento-ilimitado-en-siete-ciudades-de-la-peninsula-iberica\/","og_site_name":"Empark","article_published_time":"2025-09-01T08:49:56+00:00","article_modified_time":"2025-09-01T08:53:57+00:00","og_image":[{"width":600,"height":800,"url":"https:\/\/www.empark.com\/wp-content\/uploads\/sites\/2\/2025\/09\/Acuerdo-Europcar.v2.jpg","type":"image\/jpeg"}],"author":"elezanap","twitter_card":"summary_large_image","twitter_misc":{"Written by":"elezanap"},"schema":{"@context":"https:\/\/schema.org","@graph":[{"@type":"Article","@id":"https:\/\/www.empark.com\/es\/telpark-y-europcar-cierran-un-acuerdo-para-ofrecer-estacionamiento-ilimitado-en-siete-ciudades-de-la-peninsula-iberica\/#article","isPartOf":{"@id":"https:\/\/www.empark.com\/es\/telpark-y-europcar-cierran-un-acuerdo-para-ofrecer-estacionamiento-ilimitado-en-siete-ciudades-de-la-peninsula-iberica\/"},"author":{"name":"elezanap","@id":"https:\/\/www.empark.com\/es\/#\/schema\/person\/46d89a7546aea0aadaf0ec76ce975b8d"},"headline":"Telpark y Europcar cierran un acuerdo para ofrecer estacionamiento ilimitado en siete ciudades de la pen\u00ednsula ib\u00e9rica","datePublished":"2025-09-01T08:49:56+00:00","dateModified":"2025-09-01T08:53:57+00:00","mainEntityOfPage":{"@id":"https:\/\/www.empark.com\/es\/telpark-y-europcar-cierran-un-acuerdo-para-ofrecer-estacionamiento-ilimitado-en-siete-ciudades-de-la-peninsula-iberica\/"},"wordCount":19,"commentCount":0,"publisher":{"@id":"https:\/\/www.empark.com\/es\/#organization"},"articleSection":["Sin categorizar"],"inLanguage":"es-ES","potentialAction":[{"@type":"CommentAction","name":"Comment","target":["https:\/\/www.empark.com\/es\/telpark-y-europcar-cierran-un-acuerdo-para-ofrecer-estacionamiento-ilimitado-en-siete-ciudades-de-la-peninsula-iberica\/#respond"]}]},{"@type":"WebPage","@id":"https:\/\/www.empark.com\/es\/telpark-y-europcar-cierran-un-acuerdo-para-ofrecer-estacionamiento-ilimitado-en-siete-ciudades-de-la-peninsula-iberica\/","url":"https:\/\/www.empark.com\/es\/telpark-y-europcar-cierran-un-acuerdo-para-ofrecer-estacionamiento-ilimitado-en-siete-ciudades-de-la-peninsula-iberica\/","name":"Telpark y Europcar cierran un acuerdo para ofrecer estacionamiento ilimitado en siete ciudades de la pen\u00ednsula ib\u00e9rica - Empark","isPartOf":{"@id":"https:\/\/www.empark.com\/es\/#website"},"datePublished":"2025-09-01T08:49:56+00:00","dateModified":"2025-09-01T08:53:57+00:00","breadcrumb":{"@id":"https:\/\/www.empark.com\/es\/telpark-y-europcar-cierran-un-acuerdo-para-ofrecer-estacionamiento-ilimitado-en-siete-ciudades-de-la-peninsula-iberica\/#breadcrumb"},"inLanguage":"es-ES","potentialAction":[{"@type":"ReadAction","target":["https:\/\/www.empark.com\/es\/telpark-y-europcar-cierran-un-acuerdo-para-ofrecer-estacionamiento-ilimitado-en-siete-ciudades-de-la-peninsula-iberica\/"]}]},{"@type":"BreadcrumbList","@id":"https:\/\/www.empark.com\/es\/telpark-y-europcar-cierran-un-acuerdo-para-ofrecer-estacionamiento-ilimitado-en-siete-ciudades-de-la-peninsula-iberica\/#breadcrumb","itemListElement":[{"@type":"ListItem","position":1,"name":"Home","item":"https:\/\/www.empark.com\/es\/"},{"@type":"ListItem","position":2,"name":"Telpark y Europcar cierran un acuerdo para ofrecer estacionamiento ilimitado en siete ciudades de la pen\u00ednsula ib\u00e9rica"}]},{"@type":"WebSite","@id":"https:\/\/www.empark.com\/es\/#website","url":"https:\/\/www.empark.com\/es\/","name":"Empark","description":"L\u00edderes en el sector de aparcamientos y movilidad, con m\u00e1s de 455.000 plazas de aparcamiento que facilitan el desplazamiento de 150 millones de personas","publisher":{"@id":"https:\/\/www.empark.com\/es\/#organization"},"potentialAction":[{"@type":"SearchAction","target":{"@type":"EntryPoint","urlTemplate":"https:\/\/www.empark.com\/es\/?s={search_term_string}"},"query-input":"required name=search_term_string"}],"inLanguage":"es-ES"},{"@type":"Organization","@id":"https:\/\/www.empark.com\/es\/#organization","name":"Empark","url":"https:\/\/www.empark.com\/es\/","logo":{"@type":"ImageObject","inLanguage":"es-ES","@id":"https:\/\/www.empark.com\/es\/#\/schema\/logo\/image\/","url":"https:\/\/www.empark.com\/wp-content\/uploads\/sites\/2\/2023\/09\/empark-logo.svg","contentUrl":"https:\/\/www.empark.com\/wp-content\/uploads\/sites\/2\/2023\/09\/empark-logo.svg","width":100,"height":32,"caption":"Empark"},"image":{"@id":"https:\/\/www.empark.com\/es\/#\/schema\/logo\/image\/"}},{"@type":"Person","@id":"https:\/\/www.empark.com\/es\/#\/schema\/person\/46d89a7546aea0aadaf0ec76ce975b8d","name":"elezanap","image":{"@type":"ImageObject","inLanguage":"es-ES","@id":"https:\/\/www.empark.com\/es\/#\/schema\/person\/image\/","url":"https:\/\/secure.gravatar.com\/avatar\/c3b9eede1a478747f56212e1acbe2d3e?s=96&d=mm&r=g","contentUrl":"https:\/\/secure.gravatar.com\/avatar\/c3b9eede1a478747f56212e1acbe2d3e?s=96&d=mm&r=g","caption":"elezanap"}}]}},"meta_box":{"title":false,"level_title":false,"caption":false,"image":false,"style":false,"background":false,"image_mobile":false,"content_group":false,"show_google_play":false,"button_color_google_play":false,"show_apple_store":false,"button_color_apple_store":false,"banner_cta_type":false,"background_color":false,"background_mobile":false,"background_size":false,"background_position":false,"background_url":false,"background_target_blank":false,"text-align":false,"size":false,"order":false,"title_color":false,"description":false,"buttons_info":false,"cards":false,"button_info":false,"variant":false,"search_category":false,"benefits":false,"option_block":false,"location":false,"persons":false,"show_as_card":false,"text_color":false,"height":false,"show_selector":false,"placeholder":false,"searchbar_type":false,"searchbar_type_home":false,"products":false,"type":false,"columns":false,"show_mobile":false,"hide_mobile":false,"header":false,"KML":false,"tabs":false,"buttons":false,"choose_parking":false,"parkings":false,"data":false,"text":false,"short_code":false,"iframe_url":false,"iframe_title":false,"iframe_class":false,"iframe_width":false,"iframe_height":false,"map":false,"target_date":false,"background_image":false,"background_image_mobile":false,"completed_text":false,"label_days":false,"label_hours":false,"label_minutes":false,"label_seconds":false},"_links":{"self":[{"href":"https:\/\/www.empark.com\/es\/wp-json\/wp\/v2\/posts\/4507"}],"collection":[{"href":"https:\/\/www.empark.com\/es\/wp-json\/wp\/v2\/posts"}],"about":[{"href":"https:\/\/www.empark.com\/es\/wp-json\/wp\/v2\/types\/post"}],"author":[{"embeddable":true,"href":"https:\/\/www.empark.com\/es\/wp-json\/wp\/v2\/users\/13"}],"replies":[{"embeddable":true,"href":"https:\/\/www.empark.com\/es\/wp-json\/wp\/v2\/comments?post=4507"}],"version-history":[{"count":1,"href":"https:\/\/www.empark.com\/es\/wp-json\/wp\/v2\/posts\/4507\/revisions"}],"predecessor-version":[{"id":4511,"href":"https:\/\/www.empark.com\/es\/wp-json\/wp\/v2\/posts\/4507\/revisions\/4511"}],"wp:featuredmedia":[{"embeddable":true,"href":"https:\/\/www.empark.com\/es\/wp-json\/wp\/v2\/media\/4516"}],"wp:attachment":[{"href":"https:\/\/www.empark.com\/es\/wp-json\/wp\/v2\/media?parent=4507"}],"wp:term":[{"taxonomy":"category","embeddable":true,"href":"https:\/\/www.empark.com\/es\/wp-json\/wp\/v2\/categories?post=4507"},{"taxonomy":"post_tag","embeddable":true,"href":"https:\/\/www.empark.com\/es\/wp-json\/wp\/v2\/tags?post=4507"}],"curies":[{"name":"wp","href":"https:\/\/api.w.org\/{rel}","templated":true}]}}