{"id":4389,"date":"2025-06-26T07:53:33","date_gmt":"2025-06-26T06:53:33","guid":{"rendered":"https:\/\/www.empark.com\/?p=4389"},"modified":"2025-06-26T07:53:35","modified_gmt":"2025-06-26T06:53:35","slug":"calonge-activa-mas-de-2-200-plazas-estivales-de-aparcamiento-regulado","status":"publish","type":"post","link":"https:\/\/www.empark.com\/es\/calonge-activa-mas-de-2-200-plazas-estivales-de-aparcamiento-regulado\/","title":{"rendered":"Calonge activa m\u00e1s de 2.200 plazas estivales de aparcamiento regulado"},"content":{"rendered":"<article class=\"tpk-page\">\n    <div class=\"row wrapper center-xs tpk-page__content\">\n        <div class=\"col-xs-12 col-sm-10 col-md-8 pt-4 pb-4\">\n            <p><strong><em>Calonge, 26 de junio de 2025<\/em><\/strong><strong>.- <\/strong>Calonge y Sant Antoni de Calonge contar\u00e1n este verano con 2.216 plazas de estacionamiento regulado en zona azul. Las plazas, en marcha desde el 15 de junio y hasta el 15 de septiembre, est\u00e1n operadas por Telpark.<\/p>\n<p>La compa\u00f1\u00eda ha asumido el contrato por un periodo de siete a\u00f1os, que incluye tambi\u00e9n la gesti\u00f3n del aparcamiento en superficie de FONTOVA, en el n\u00facleo urbano. El acuerdo contempla adem\u00e1s importantes mejoras en el servicio, como la renovaci\u00f3n de 84 parqu\u00edmetros, la incorporaci\u00f3n de un veh\u00edculo de control y un sistema inteligente de detecci\u00f3n de ocupaci\u00f3n.<\/p>\n<p>El horario de regulaci\u00f3n es de 10 h a 14 h y de 16 h a 20 h todos los d\u00edas, incluidos los festivos. Las tarifas oscilan entre los 0,50 y los 2 euros, con un tiempo m\u00e1ximo de estacionamiento de dos horas. El pago se puede realizar de forma c\u00f3moda y \u00e1gil a trav\u00e9s de la app Telpark, que ya cuenta con m\u00e1s de 25.500 usuarios en la provincia de Girona.<\/p>\n<p>Telpark gestiona tambi\u00e9n el servicio de aparcamiento regulado en los municipios de Palafrugell, Tossa de Mar y L\u2019Estartit y contin\u00faa ampliando su red de recarga el\u00e9ctrica en la Costa Brava, con un total de 43 puntos ya en funcionamiento entre Figueres, Girona y Tossa de Mar.<\/p>\n<p>&nbsp;<\/p>\n<p><strong><u>Conoce Telpark<\/u><\/strong><\/p>\n<p>Con una trayectoria de m\u00e1s de 50 a\u00f1os en el sector y presencia en cerca de 150 ciudades, Empark\/Dornier es el principal operador en gesti\u00f3n integral de aparcamientos (Off Street) y estacionamiento regulado en v\u00eda p\u00fablica (On Street) de Espa\u00f1a y Portugal. Es una compa\u00f1\u00eda participada por el fondo de inversi\u00f3n Macquarie.<\/p>\n<p>La compa\u00f1\u00eda, que opera bajo la marca comercial Telpark, basa su modelo de crecimiento en una amplia oferta de servicios orientada a construir la mejor experiencia integral en torno a la movilidad urbana bajo una apuesta firme por la innovaci\u00f3n tecnol\u00f3gica como palanca clave para situar al ciudadano en el centro de su propuesta.<\/p>\n<p>Fue pionera con la creaci\u00f3n en 2013 de su app m\u00f3vil para la reserva y gesti\u00f3n de aparcamientos Telpark, que actualmente es la m\u00e1s usada y descargada en aparcamiento en la Pen\u00ednsula Ib\u00e9rica con m\u00e1s de 5,5 millones de usuarios.<\/p>\n<p>Adem\u00e1s del liderazgo de su app, la compa\u00f1\u00eda se encuentra inmersa en el despliegue de su red de puntos de recarga el\u00e9ctrica con m\u00e1s de 1.000 puntos en Iberia integrados en su app, lo que permite localizar, cargar y pagar de manera sencilla.<\/p>\n<p>M\u00e1s informaci\u00f3n en: <a href=\"https:\/\/www.empark.com\">https:\/\/www.empark.com<\/a><\/p>\n\n        <\/div>\n    <\/div>\n<\/article>","protected":false},"excerpt":{"rendered":"","protected":false},"author":13,"featured_media":4390,"comment_status":"open","ping_status":"open","sticky":false,"template":"","format":"standard","meta":{"footnotes":""},"categories":[1],"tags":[],"yoast_head":"<!-- This site is optimized with the Yoast SEO plugin v20.12 - https:\/\/yoast.com\/wordpress\/plugins\/seo\/ -->\n<title>Calonge activa m\u00e1s de 2.200 plazas estivales de aparcamiento regulado - Empark<\/title>\n<meta name=\"robots\" content=\"index, follow, max-snippet:-1, max-image-preview:large, max-video-preview:-1\" \/>\n<link rel=\"canonical\" href=\"https:\/\/www.empark.com\/es\/calonge-activa-mas-de-2-200-plazas-estivales-de-aparcamiento-regulado\/\" \/>\n<meta property=\"og:locale\" content=\"es_ES\" \/>\n<meta property=\"og:type\" content=\"article\" \/>\n<meta property=\"og:title\" content=\"Calonge activa m\u00e1s de 2.200 plazas estivales de aparcamiento regulado - Empark\" \/>\n<meta property=\"og:url\" content=\"https:\/\/www.empark.com\/es\/calonge-activa-mas-de-2-200-plazas-estivales-de-aparcamiento-regulado\/\" \/>\n<meta property=\"og:site_name\" content=\"Empark\" \/>\n<meta property=\"article:published_time\" content=\"2025-06-26T06:53:33+00:00\" \/>\n<meta property=\"article:modified_time\" content=\"2025-06-26T06:53:35+00:00\" \/>\n<meta property=\"og:image\" content=\"https:\/\/www.empark.com\/wp-content\/uploads\/sites\/2\/2025\/06\/Calonge-1.jpg\" \/>\n\t<meta property=\"og:image:width\" content=\"1600\" \/>\n\t<meta property=\"og:image:height\" content=\"1200\" \/>\n\t<meta property=\"og:image:type\" content=\"image\/jpeg\" \/>\n<meta name=\"author\" content=\"elezanap\" \/>\n<meta name=\"twitter:card\" content=\"summary_large_image\" \/>\n<meta name=\"twitter:label1\" content=\"Written by\" \/>\n\t<meta name=\"twitter:data1\" content=\"elezanap\" \/>\n<script type=\"application\/ld+json\" class=\"yoast-schema-graph\">{\"@context\":\"https:\/\/schema.org\",\"@graph\":[{\"@type\":\"Article\",\"@id\":\"https:\/\/www.empark.com\/es\/calonge-activa-mas-de-2-200-plazas-estivales-de-aparcamiento-regulado\/#article\",\"isPartOf\":{\"@id\":\"https:\/\/www.empark.com\/es\/calonge-activa-mas-de-2-200-plazas-estivales-de-aparcamiento-regulado\/\"},\"author\":{\"name\":\"elezanap\",\"@id\":\"https:\/\/www.empark.com\/es\/#\/schema\/person\/46d89a7546aea0aadaf0ec76ce975b8d\"},\"headline\":\"Calonge activa m\u00e1s de 2.200 plazas estivales de aparcamiento regulado\",\"datePublished\":\"2025-06-26T06:53:33+00:00\",\"dateModified\":\"2025-06-26T06:53:35+00:00\",\"mainEntityOfPage\":{\"@id\":\"https:\/\/www.empark.com\/es\/calonge-activa-mas-de-2-200-plazas-estivales-de-aparcamiento-regulado\/\"},\"wordCount\":10,\"commentCount\":0,\"publisher\":{\"@id\":\"https:\/\/www.empark.com\/es\/#organization\"},\"articleSection\":[\"Sin categorizar\"],\"inLanguage\":\"es-ES\",\"potentialAction\":[{\"@type\":\"CommentAction\",\"name\":\"Comment\",\"target\":[\"https:\/\/www.empark.com\/es\/calonge-activa-mas-de-2-200-plazas-estivales-de-aparcamiento-regulado\/#respond\"]}]},{\"@type\":\"WebPage\",\"@id\":\"https:\/\/www.empark.com\/es\/calonge-activa-mas-de-2-200-plazas-estivales-de-aparcamiento-regulado\/\",\"url\":\"https:\/\/www.empark.com\/es\/calonge-activa-mas-de-2-200-plazas-estivales-de-aparcamiento-regulado\/\",\"name\":\"Calonge activa m\u00e1s de 2.200 plazas estivales de aparcamiento regulado - Empark\",\"isPartOf\":{\"@id\":\"https:\/\/www.empark.com\/es\/#website\"},\"datePublished\":\"2025-06-26T06:53:33+00:00\",\"dateModified\":\"2025-06-26T06:53:35+00:00\",\"breadcrumb\":{\"@id\":\"https:\/\/www.empark.com\/es\/calonge-activa-mas-de-2-200-plazas-estivales-de-aparcamiento-regulado\/#breadcrumb\"},\"inLanguage\":\"es-ES\",\"potentialAction\":[{\"@type\":\"ReadAction\",\"target\":[\"https:\/\/www.empark.com\/es\/calonge-activa-mas-de-2-200-plazas-estivales-de-aparcamiento-regulado\/\"]}]},{\"@type\":\"BreadcrumbList\",\"@id\":\"https:\/\/www.empark.com\/es\/calonge-activa-mas-de-2-200-plazas-estivales-de-aparcamiento-regulado\/#breadcrumb\",\"itemListElement\":[{\"@type\":\"ListItem\",\"position\":1,\"name\":\"Home\",\"item\":\"https:\/\/www.empark.com\/es\/\"},{\"@type\":\"ListItem\",\"position\":2,\"name\":\"Calonge activa m\u00e1s de 2.200 plazas estivales de aparcamiento regulado\"}]},{\"@type\":\"WebSite\",\"@id\":\"https:\/\/www.empark.com\/es\/#website\",\"url\":\"https:\/\/www.empark.com\/es\/\",\"name\":\"Empark\",\"description\":\"L\u00edderes en el sector de aparcamientos y movilidad, con m\u00e1s de 455.000 plazas de aparcamiento que facilitan el desplazamiento de 150 millones de personas\",\"publisher\":{\"@id\":\"https:\/\/www.empark.com\/es\/#organization\"},\"potentialAction\":[{\"@type\":\"SearchAction\",\"target\":{\"@type\":\"EntryPoint\",\"urlTemplate\":\"https:\/\/www.empark.com\/es\/?s={search_term_string}\"},\"query-input\":\"required name=search_term_string\"}],\"inLanguage\":\"es-ES\"},{\"@type\":\"Organization\",\"@id\":\"https:\/\/www.empark.com\/es\/#organization\",\"name\":\"Empark\",\"url\":\"https:\/\/www.empark.com\/es\/\",\"logo\":{\"@type\":\"ImageObject\",\"inLanguage\":\"es-ES\",\"@id\":\"https:\/\/www.empark.com\/es\/#\/schema\/logo\/image\/\",\"url\":\"https:\/\/www.empark.com\/wp-content\/uploads\/sites\/2\/2023\/09\/empark-logo.svg\",\"contentUrl\":\"https:\/\/www.empark.com\/wp-content\/uploads\/sites\/2\/2023\/09\/empark-logo.svg\",\"width\":100,\"height\":32,\"caption\":\"Empark\"},\"image\":{\"@id\":\"https:\/\/www.empark.com\/es\/#\/schema\/logo\/image\/\"}},{\"@type\":\"Person\",\"@id\":\"https:\/\/www.empark.com\/es\/#\/schema\/person\/46d89a7546aea0aadaf0ec76ce975b8d\",\"name\":\"elezanap\",\"image\":{\"@type\":\"ImageObject\",\"inLanguage\":\"es-ES\",\"@id\":\"https:\/\/www.empark.com\/es\/#\/schema\/person\/image\/\",\"url\":\"https:\/\/secure.gravatar.com\/avatar\/c3b9eede1a478747f56212e1acbe2d3e?s=96&d=mm&r=g\",\"contentUrl\":\"https:\/\/secure.gravatar.com\/avatar\/c3b9eede1a478747f56212e1acbe2d3e?s=96&d=mm&r=g\",\"caption\":\"elezanap\"}}]}<\/script>\n<!-- \/ Yoast SEO plugin. -->","yoast_head_json":{"title":"Calonge activa m\u00e1s de 2.200 plazas estivales de aparcamiento regulado - Empark","robots":{"index":"index","follow":"follow","max-snippet":"max-snippet:-1","max-image-preview":"max-image-preview:large","max-video-preview":"max-video-preview:-1"},"canonical":"https:\/\/www.empark.com\/es\/calonge-activa-mas-de-2-200-plazas-estivales-de-aparcamiento-regulado\/","og_locale":"es_ES","og_type":"article","og_title":"Calonge activa m\u00e1s de 2.200 plazas estivales de aparcamiento regulado - Empark","og_url":"https:\/\/www.empark.com\/es\/calonge-activa-mas-de-2-200-plazas-estivales-de-aparcamiento-regulado\/","og_site_name":"Empark","article_published_time":"2025-06-26T06:53:33+00:00","article_modified_time":"2025-06-26T06:53:35+00:00","og_image":[{"width":1600,"height":1200,"url":"https:\/\/www.empark.com\/wp-content\/uploads\/sites\/2\/2025\/06\/Calonge-1.jpg","type":"image\/jpeg"}],"author":"elezanap","twitter_card":"summary_large_image","twitter_misc":{"Written by":"elezanap"},"schema":{"@context":"https:\/\/schema.org","@graph":[{"@type":"Article","@id":"https:\/\/www.empark.com\/es\/calonge-activa-mas-de-2-200-plazas-estivales-de-aparcamiento-regulado\/#article","isPartOf":{"@id":"https:\/\/www.empark.com\/es\/calonge-activa-mas-de-2-200-plazas-estivales-de-aparcamiento-regulado\/"},"author":{"name":"elezanap","@id":"https:\/\/www.empark.com\/es\/#\/schema\/person\/46d89a7546aea0aadaf0ec76ce975b8d"},"headline":"Calonge activa m\u00e1s de 2.200 plazas estivales de aparcamiento regulado","datePublished":"2025-06-26T06:53:33+00:00","dateModified":"2025-06-26T06:53:35+00:00","mainEntityOfPage":{"@id":"https:\/\/www.empark.com\/es\/calonge-activa-mas-de-2-200-plazas-estivales-de-aparcamiento-regulado\/"},"wordCount":10,"commentCount":0,"publisher":{"@id":"https:\/\/www.empark.com\/es\/#organization"},"articleSection":["Sin categorizar"],"inLanguage":"es-ES","potentialAction":[{"@type":"CommentAction","name":"Comment","target":["https:\/\/www.empark.com\/es\/calonge-activa-mas-de-2-200-plazas-estivales-de-aparcamiento-regulado\/#respond"]}]},{"@type":"WebPage","@id":"https:\/\/www.empark.com\/es\/calonge-activa-mas-de-2-200-plazas-estivales-de-aparcamiento-regulado\/","url":"https:\/\/www.empark.com\/es\/calonge-activa-mas-de-2-200-plazas-estivales-de-aparcamiento-regulado\/","name":"Calonge activa m\u00e1s de 2.200 plazas estivales de aparcamiento regulado - Empark","isPartOf":{"@id":"https:\/\/www.empark.com\/es\/#website"},"datePublished":"2025-06-26T06:53:33+00:00","dateModified":"2025-06-26T06:53:35+00:00","breadcrumb":{"@id":"https:\/\/www.empark.com\/es\/calonge-activa-mas-de-2-200-plazas-estivales-de-aparcamiento-regulado\/#breadcrumb"},"inLanguage":"es-ES","potentialAction":[{"@type":"ReadAction","target":["https:\/\/www.empark.com\/es\/calonge-activa-mas-de-2-200-plazas-estivales-de-aparcamiento-regulado\/"]}]},{"@type":"BreadcrumbList","@id":"https:\/\/www.empark.com\/es\/calonge-activa-mas-de-2-200-plazas-estivales-de-aparcamiento-regulado\/#breadcrumb","itemListElement":[{"@type":"ListItem","position":1,"name":"Home","item":"https:\/\/www.empark.com\/es\/"},{"@type":"ListItem","position":2,"name":"Calonge activa m\u00e1s de 2.200 plazas estivales de aparcamiento regulado"}]},{"@type":"WebSite","@id":"https:\/\/www.empark.com\/es\/#website","url":"https:\/\/www.empark.com\/es\/","name":"Empark","description":"L\u00edderes en el sector de aparcamientos y movilidad, con m\u00e1s de 455.000 plazas de aparcamiento que facilitan el desplazamiento de 150 millones de personas","publisher":{"@id":"https:\/\/www.empark.com\/es\/#organization"},"potentialAction":[{"@type":"SearchAction","target":{"@type":"EntryPoint","urlTemplate":"https:\/\/www.empark.com\/es\/?s={search_term_string}"},"query-input":"required name=search_term_string"}],"inLanguage":"es-ES"},{"@type":"Organization","@id":"https:\/\/www.empark.com\/es\/#organization","name":"Empark","url":"https:\/\/www.empark.com\/es\/","logo":{"@type":"ImageObject","inLanguage":"es-ES","@id":"https:\/\/www.empark.com\/es\/#\/schema\/logo\/image\/","url":"https:\/\/www.empark.com\/wp-content\/uploads\/sites\/2\/2023\/09\/empark-logo.svg","contentUrl":"https:\/\/www.empark.com\/wp-content\/uploads\/sites\/2\/2023\/09\/empark-logo.svg","width":100,"height":32,"caption":"Empark"},"image":{"@id":"https:\/\/www.empark.com\/es\/#\/schema\/logo\/image\/"}},{"@type":"Person","@id":"https:\/\/www.empark.com\/es\/#\/schema\/person\/46d89a7546aea0aadaf0ec76ce975b8d","name":"elezanap","image":{"@type":"ImageObject","inLanguage":"es-ES","@id":"https:\/\/www.empark.com\/es\/#\/schema\/person\/image\/","url":"https:\/\/secure.gravatar.com\/avatar\/c3b9eede1a478747f56212e1acbe2d3e?s=96&d=mm&r=g","contentUrl":"https:\/\/secure.gravatar.com\/avatar\/c3b9eede1a478747f56212e1acbe2d3e?s=96&d=mm&r=g","caption":"elezanap"}}]}},"meta_box":{"title":false,"level_title":false,"caption":false,"image":false,"style":false,"background":false,"image_mobile":false,"content_group":false,"show_google_play":false,"button_color_google_play":false,"show_apple_store":false,"button_color_apple_store":false,"banner_cta_type":false,"background_color":false,"background_mobile":false,"background_size":false,"background_position":false,"background_url":false,"background_target_blank":false,"text-align":false,"size":false,"order":false,"title_color":false,"description":false,"buttons_info":false,"cards":false,"button_info":false,"variant":false,"search_category":false,"benefits":false,"option_block":false,"location":false,"persons":false,"show_as_card":false,"text_color":false,"height":false,"show_selector":false,"placeholder":false,"searchbar_type":false,"searchbar_type_home":false,"products":false,"type":false,"columns":false,"show_mobile":false,"hide_mobile":false,"header":false,"KML":false,"tabs":false,"buttons":false,"choose_parking":false,"parkings":false,"data":false,"text":false,"short_code":false,"iframe_url":false,"iframe_title":false,"iframe_class":false,"iframe_width":false,"iframe_height":false,"map":false,"target_date":false,"background_image":false,"background_image_mobile":false,"completed_text":false,"label_days":false,"label_hours":false,"label_minutes":false,"label_seconds":false},"_links":{"self":[{"href":"https:\/\/www.empark.com\/es\/wp-json\/wp\/v2\/posts\/4389"}],"collection":[{"href":"https:\/\/www.empark.com\/es\/wp-json\/wp\/v2\/posts"}],"about":[{"href":"https:\/\/www.empark.com\/es\/wp-json\/wp\/v2\/types\/post"}],"author":[{"embeddable":true,"href":"https:\/\/www.empark.com\/es\/wp-json\/wp\/v2\/users\/13"}],"replies":[{"embeddable":true,"href":"https:\/\/www.empark.com\/es\/wp-json\/wp\/v2\/comments?post=4389"}],"version-history":[{"count":1,"href":"https:\/\/www.empark.com\/es\/wp-json\/wp\/v2\/posts\/4389\/revisions"}],"predecessor-version":[{"id":4393,"href":"https:\/\/www.empark.com\/es\/wp-json\/wp\/v2\/posts\/4389\/revisions\/4393"}],"wp:featuredmedia":[{"embeddable":true,"href":"https:\/\/www.empark.com\/es\/wp-json\/wp\/v2\/media\/4390"}],"wp:attachment":[{"href":"https:\/\/www.empark.com\/es\/wp-json\/wp\/v2\/media?parent=4389"}],"wp:term":[{"taxonomy":"category","embeddable":true,"href":"https:\/\/www.empark.com\/es\/wp-json\/wp\/v2\/categories?post=4389"},{"taxonomy":"post_tag","embeddable":true,"href":"https:\/\/www.empark.com\/es\/wp-json\/wp\/v2\/tags?post=4389"}],"curies":[{"name":"wp","href":"https:\/\/api.w.org\/{rel}","templated":true}]}}