{"id":4306,"date":"2025-05-28T06:33:32","date_gmt":"2025-05-28T05:33:32","guid":{"rendered":"https:\/\/www.empark.com\/?p=4306"},"modified":"2025-05-28T06:36:26","modified_gmt":"2025-05-28T05:36:26","slug":"telpark-incrementa-un-117-su-ebitda-y-consolida-su-liderazgo-digital-durante-el-primer-trimestre","status":"publish","type":"post","link":"https:\/\/www.empark.com\/es\/telpark-incrementa-un-117-su-ebitda-y-consolida-su-liderazgo-digital-durante-el-primer-trimestre\/","title":{"rendered":"Telpark incrementa un 11,7% su EBITDA y consolida su liderazgo digital durante el primer trimestre"},"content":{"rendered":"<article class=\"tpk-page\">\n    <div class=\"row wrapper center-xs tpk-page__content\">\n        <div class=\"col-xs-12 col-sm-10 col-md-8 pt-4 pb-4\">\n            <blockquote>\n<p><em>La compa\u00f1\u00eda ha incrementado sus ingresos un 5% en t\u00e9rminos comparables, hasta alcanzar los 53,4 millones de euros<\/em><\/p>\n<p><em>El negocio digital sigue creciendo y supone ya el 20,5% de los ingresos por rotaci\u00f3n, impulsado por los m\u00e1s de 5,3 millones de usuarios de su app<\/em><\/p>\n<p><em>Durante este periodo, la compa\u00f1\u00eda ha sumado tres nuevos contratos y gestiona ya m\u00e1s de 335.800 plazas<\/em><\/p>\n<p><em>Pedro Agapito ocupa desde abril el puesto de CEO, tras el paso de Jo Cooper a la Presidencia Ejecutiva<\/em><\/p>\n<\/blockquote>\n<p>&nbsp;<\/p>\n<p><strong><em>Madrid, 28 de mayo de 2025<\/em><\/strong><strong>.-<\/strong> El <a href=\"https:\/\/www.empark.com\/es\/es\/\"><strong>Grupo Empark<\/strong>,<\/a> l\u00edder de servicios de estacionamiento en nuestro pa\u00eds que opera bajo la marca <strong>Telpark<\/strong>, ha registrado un <strong>EBITDA ajustado de 26,6 millones de euros<\/strong> en el primer trimestre de 2025, el <strong>11,7% m\u00e1s que en el mismo periodo del a\u00f1o anterior<\/strong> y con un margen que se ha situado en el <strong>49,8%.<\/strong><\/p>\n<p>Este s\u00f3lido desempe\u00f1o financiero ha sido impulsado por la buena evoluci\u00f3n de los ingresos, que han alcanzado los <strong>53,4 millones de euros<\/strong>, un 10% m\u00e1s (+5% en t\u00e9rminos comparables, like-for-like). Destaca especialmente el negocio Off-Street (aparcamientos), cuyos ingresos han aumentado un 14% interanual y un 5,7% en t\u00e9rminos comparables, con una gran contribuci\u00f3n de su estrategia comercial especialmente durante el mes de enero. El segmento On-Street (estacionamiento regulado) ha experimentado un crecimiento del 3% tanto en ingresos totales como en t\u00e9rminos comparables.<\/p>\n<p>El negocio digital refuerza su peso en la compa\u00f1\u00eda y representa ya el 20,5% de los ingresos por rotaci\u00f3n que han crecido un 35% en el periodo, tras alcanzar durante el primer trimestre los 5,3 millones de usuarios en su app.<\/p>\n<p><strong>Pedro Agapito, CEO de Telpark<\/strong>, ha se\u00f1alado: <em>\"Estos resultados ponen de manifiesto la capacidad de Telpark para continuar generando valor y mantener una s\u00f3lida posici\u00f3n financiera incluso en contextos exigentes. Seguimos apostando por la digitalizaci\u00f3n, la eficiencia y la innovaci\u00f3n, siempre centrados en ofrecer la mejor experiencia a nuestros usuarios y aportar valor a las ciudades en las que operamos. Afrontamos 2025 con optimismo y con el compromiso de mantener esta senda de crecimiento y sostenibilidad\".<\/em><\/p>\n<p>&nbsp;<\/p>\n<p><strong>Expansi\u00f3n territorial y crecimiento en veh\u00edculo el\u00e9ctrico<\/strong><\/p>\n<p>Telpark ha continuado expandiendo su presencia en Espa\u00f1a y Portugal con la adjudicaci\u00f3n de tres nuevos contratos y su entrada en nuevas ciudades como Viseu (Portugal). A cierre de marzo de 2025, el n\u00famero total de plazas gestionadas ascend\u00eda a 335.800.<\/p>\n<p>Asimismo, ha reforzado su posicionamiento como el operador m\u00e1s avanzado del sector en el \u00e1mbito de la movilidad el\u00e9ctrica, con m\u00e1s de 1.100 puntos de carga semirr\u00e1pida y 94 de carga r\u00e1pida para veh\u00edculos el\u00e9ctricos ya instalados a lo largo de todo su portfolio.<\/p>\n<p>&nbsp;<\/p>\n<p><strong>Refinanciaci\u00f3n y cambios en la c\u00fapula directiva<\/strong><\/p>\n<p>En el primer trimestre de 2025, Telpark ha completado con \u00e9xito una emisi\u00f3n de bonos por valor de 300 millones de euros en una operaci\u00f3n destinada a refinanciar su tramo de bonos flotantes por importe de 225 millones y distribuir 75 millones adicionales a su accionista.<\/p>\n<p>Adem\u00e1s, durante este periodo, Telpark tambi\u00e9n ha ejecutado cambios organizativos con la designaci\u00f3n de Pedro Agapito como nuevo CEO y el nombramiento de Jo Cooper como Presidenta Ejecutiva. Adem\u00e1s, la compa\u00f1\u00eda ha incorporado a I\u00f1igo Duque como nuevo Chief Financial Officer (CFO).<\/p>\n<table>\n<tbody>\n<tr>\n<td colspan=\"2\" width=\"564\">\n<p>PRINCIPALES INDICADORES ECON\u00d3MICOS (PRIMER TRIMESTRE DE 2025)<\/p>\n<\/td>\n<\/tr>\n<tr>\n<td width=\"282\">\n<p>Ingresos<\/p>\n<\/td>\n<td width=\"282\">\n<p>53,4 millones de euros<\/p>\n<\/td>\n<\/tr>\n<tr>\n<td width=\"282\">\n<p>EBITDA ajustado<\/p>\n<\/td>\n<td width=\"282\">\n<p>26,6 millones de euros<\/p>\n<\/td>\n<\/tr>\n<tr>\n<td width=\"282\">\n<p>Margen EBITDA<\/p>\n<\/td>\n<td width=\"282\">\n<p>49,8%<\/p>\n<\/td>\n<\/tr>\n<tr>\n<td width=\"282\">\n<p>CAPEX TOTAL<\/p>\n<\/td>\n<td width=\"282\">\n<p>10,6 millones de euros<\/p>\n<\/td>\n<\/tr>\n<tr>\n<td width=\"282\">\n<p>Apalancamiento<a href=\"#_ftn1\" name=\"_ftnref1\">[1]<\/a><\/p>\n<\/td>\n<td width=\"282\">\n<p>6,1x (deuda neta \/ PF EBITDA)<\/p>\n<\/td>\n<\/tr>\n<tr>\n<td width=\"282\">\n<p>N.\u00ba total de plazas<\/p>\n<\/td>\n<td width=\"282\">\n<p>335.800<\/p>\n<\/td>\n<\/tr>\n<\/tbody>\n<\/table>\n<p>&nbsp;<\/p>\n<p><strong><u>Conoce Telpark<\/u><\/strong><\/p>\n<p>Con una trayectoria de m\u00e1s de 50 a\u00f1os en el sector y presencia en cerca de 150 ciudades, Empark\/Dornier es el principal operador en gesti\u00f3n integral de aparcamientos (Off Street) y estacionamiento regulado en v\u00eda p\u00fablica (On Street) de Espa\u00f1a y Portugal. Es una compa\u00f1\u00eda participada por el fondo de inversi\u00f3n Macquarie.<\/p>\n<p>La compa\u00f1\u00eda, que opera bajo la marca comercial Telpark, basa su modelo de crecimiento en una amplia oferta de servicios orientada a construir la mejor experiencia integral en torno a la movilidad urbana bajo una apuesta firme por la innovaci\u00f3n tecnol\u00f3gica como palanca clave para situar al ciudadano en el centro de su propuesta.<\/p>\n<p>Fue pionera con la creaci\u00f3n en 2013 de su app m\u00f3vil para la reserva y gesti\u00f3n de aparcamientos Telpark, que actualmente es la m\u00e1s usada y descargada en aparcamiento en la Pen\u00ednsula Ib\u00e9rica con m\u00e1s de 5,3 millones de usuarios.<\/p>\n<p>Adem\u00e1s del liderazgo de su app, la compa\u00f1\u00eda se encuentra inmersa en el despliegue de su red de puntos de recarga el\u00e9ctrica con m\u00e1s de 1.000 puntos en Iberia integrados en su app, lo que permite localizar, cargar y pagar de manera sencilla.<\/p>\n<p>M\u00e1s informaci\u00f3n en: <a href=\"https:\/\/www.empark.com\">https:\/\/www.empark.com<\/a><\/p>\n\n        <\/div>\n    <\/div>\n<\/article>","protected":false},"excerpt":{"rendered":"","protected":false},"author":13,"featured_media":4311,"comment_status":"open","ping_status":"open","sticky":false,"template":"","format":"standard","meta":{"footnotes":""},"categories":[1],"tags":[],"yoast_head":"<!-- This site is optimized with the Yoast SEO plugin v20.12 - https:\/\/yoast.com\/wordpress\/plugins\/seo\/ -->\n<title>Telpark incrementa un 11,7% su EBITDA y consolida su liderazgo digital durante el primer trimestre - Empark<\/title>\n<meta name=\"robots\" content=\"index, follow, max-snippet:-1, max-image-preview:large, max-video-preview:-1\" \/>\n<link rel=\"canonical\" href=\"https:\/\/www.empark.com\/es\/telpark-incrementa-un-117-su-ebitda-y-consolida-su-liderazgo-digital-durante-el-primer-trimestre\/\" \/>\n<meta property=\"og:locale\" content=\"es_ES\" \/>\n<meta property=\"og:type\" content=\"article\" \/>\n<meta property=\"og:title\" content=\"Telpark incrementa un 11,7% su EBITDA y consolida su liderazgo digital durante el primer trimestre - Empark\" \/>\n<meta property=\"og:url\" content=\"https:\/\/www.empark.com\/es\/telpark-incrementa-un-117-su-ebitda-y-consolida-su-liderazgo-digital-durante-el-primer-trimestre\/\" \/>\n<meta property=\"og:site_name\" content=\"Empark\" \/>\n<meta property=\"article:published_time\" content=\"2025-05-28T05:33:32+00:00\" \/>\n<meta property=\"article:modified_time\" content=\"2025-05-28T05:36:26+00:00\" \/>\n<meta property=\"og:image\" content=\"https:\/\/www.empark.com\/wp-content\/uploads\/sites\/2\/2025\/05\/RESULTADOS_Q1_2025.v2jpg.jpg\" \/>\n\t<meta property=\"og:image:width\" content=\"700\" \/>\n\t<meta property=\"og:image:height\" content=\"440\" \/>\n\t<meta property=\"og:image:type\" content=\"image\/jpeg\" \/>\n<meta name=\"author\" content=\"elezanap\" \/>\n<meta name=\"twitter:card\" content=\"summary_large_image\" \/>\n<meta name=\"twitter:label1\" content=\"Written by\" \/>\n\t<meta name=\"twitter:data1\" content=\"elezanap\" \/>\n<script type=\"application\/ld+json\" class=\"yoast-schema-graph\">{\"@context\":\"https:\/\/schema.org\",\"@graph\":[{\"@type\":\"Article\",\"@id\":\"https:\/\/www.empark.com\/es\/telpark-incrementa-un-117-su-ebitda-y-consolida-su-liderazgo-digital-durante-el-primer-trimestre\/#article\",\"isPartOf\":{\"@id\":\"https:\/\/www.empark.com\/es\/telpark-incrementa-un-117-su-ebitda-y-consolida-su-liderazgo-digital-durante-el-primer-trimestre\/\"},\"author\":{\"name\":\"elezanap\",\"@id\":\"https:\/\/www.empark.com\/es\/#\/schema\/person\/46d89a7546aea0aadaf0ec76ce975b8d\"},\"headline\":\"Telpark incrementa un 11,7% su EBITDA y consolida su liderazgo digital durante el primer trimestre\",\"datePublished\":\"2025-05-28T05:33:32+00:00\",\"dateModified\":\"2025-05-28T05:36:26+00:00\",\"mainEntityOfPage\":{\"@id\":\"https:\/\/www.empark.com\/es\/telpark-incrementa-un-117-su-ebitda-y-consolida-su-liderazgo-digital-durante-el-primer-trimestre\/\"},\"wordCount\":14,\"commentCount\":0,\"publisher\":{\"@id\":\"https:\/\/www.empark.com\/es\/#organization\"},\"articleSection\":[\"Sin categorizar\"],\"inLanguage\":\"es-ES\",\"potentialAction\":[{\"@type\":\"CommentAction\",\"name\":\"Comment\",\"target\":[\"https:\/\/www.empark.com\/es\/telpark-incrementa-un-117-su-ebitda-y-consolida-su-liderazgo-digital-durante-el-primer-trimestre\/#respond\"]}]},{\"@type\":\"WebPage\",\"@id\":\"https:\/\/www.empark.com\/es\/telpark-incrementa-un-117-su-ebitda-y-consolida-su-liderazgo-digital-durante-el-primer-trimestre\/\",\"url\":\"https:\/\/www.empark.com\/es\/telpark-incrementa-un-117-su-ebitda-y-consolida-su-liderazgo-digital-durante-el-primer-trimestre\/\",\"name\":\"Telpark incrementa un 11,7% su EBITDA y consolida su liderazgo digital durante el primer trimestre - Empark\",\"isPartOf\":{\"@id\":\"https:\/\/www.empark.com\/es\/#website\"},\"datePublished\":\"2025-05-28T05:33:32+00:00\",\"dateModified\":\"2025-05-28T05:36:26+00:00\",\"breadcrumb\":{\"@id\":\"https:\/\/www.empark.com\/es\/telpark-incrementa-un-117-su-ebitda-y-consolida-su-liderazgo-digital-durante-el-primer-trimestre\/#breadcrumb\"},\"inLanguage\":\"es-ES\",\"potentialAction\":[{\"@type\":\"ReadAction\",\"target\":[\"https:\/\/www.empark.com\/es\/telpark-incrementa-un-117-su-ebitda-y-consolida-su-liderazgo-digital-durante-el-primer-trimestre\/\"]}]},{\"@type\":\"BreadcrumbList\",\"@id\":\"https:\/\/www.empark.com\/es\/telpark-incrementa-un-117-su-ebitda-y-consolida-su-liderazgo-digital-durante-el-primer-trimestre\/#breadcrumb\",\"itemListElement\":[{\"@type\":\"ListItem\",\"position\":1,\"name\":\"Home\",\"item\":\"https:\/\/www.empark.com\/es\/\"},{\"@type\":\"ListItem\",\"position\":2,\"name\":\"Telpark incrementa un 11,7% su EBITDA y consolida su liderazgo digital durante el primer trimestre\"}]},{\"@type\":\"WebSite\",\"@id\":\"https:\/\/www.empark.com\/es\/#website\",\"url\":\"https:\/\/www.empark.com\/es\/\",\"name\":\"Empark\",\"description\":\"L\u00edderes en el sector de aparcamientos y movilidad, con m\u00e1s de 455.000 plazas de aparcamiento que facilitan el desplazamiento de 150 millones de personas\",\"publisher\":{\"@id\":\"https:\/\/www.empark.com\/es\/#organization\"},\"potentialAction\":[{\"@type\":\"SearchAction\",\"target\":{\"@type\":\"EntryPoint\",\"urlTemplate\":\"https:\/\/www.empark.com\/es\/?s={search_term_string}\"},\"query-input\":\"required name=search_term_string\"}],\"inLanguage\":\"es-ES\"},{\"@type\":\"Organization\",\"@id\":\"https:\/\/www.empark.com\/es\/#organization\",\"name\":\"Empark\",\"url\":\"https:\/\/www.empark.com\/es\/\",\"logo\":{\"@type\":\"ImageObject\",\"inLanguage\":\"es-ES\",\"@id\":\"https:\/\/www.empark.com\/es\/#\/schema\/logo\/image\/\",\"url\":\"https:\/\/www.empark.com\/wp-content\/uploads\/sites\/2\/2023\/09\/empark-logo.svg\",\"contentUrl\":\"https:\/\/www.empark.com\/wp-content\/uploads\/sites\/2\/2023\/09\/empark-logo.svg\",\"width\":100,\"height\":32,\"caption\":\"Empark\"},\"image\":{\"@id\":\"https:\/\/www.empark.com\/es\/#\/schema\/logo\/image\/\"}},{\"@type\":\"Person\",\"@id\":\"https:\/\/www.empark.com\/es\/#\/schema\/person\/46d89a7546aea0aadaf0ec76ce975b8d\",\"name\":\"elezanap\",\"image\":{\"@type\":\"ImageObject\",\"inLanguage\":\"es-ES\",\"@id\":\"https:\/\/www.empark.com\/es\/#\/schema\/person\/image\/\",\"url\":\"https:\/\/secure.gravatar.com\/avatar\/c3b9eede1a478747f56212e1acbe2d3e?s=96&d=mm&r=g\",\"contentUrl\":\"https:\/\/secure.gravatar.com\/avatar\/c3b9eede1a478747f56212e1acbe2d3e?s=96&d=mm&r=g\",\"caption\":\"elezanap\"}}]}<\/script>\n<!-- \/ Yoast SEO plugin. -->","yoast_head_json":{"title":"Telpark incrementa un 11,7% su EBITDA y consolida su liderazgo digital durante el primer trimestre - Empark","robots":{"index":"index","follow":"follow","max-snippet":"max-snippet:-1","max-image-preview":"max-image-preview:large","max-video-preview":"max-video-preview:-1"},"canonical":"https:\/\/www.empark.com\/es\/telpark-incrementa-un-117-su-ebitda-y-consolida-su-liderazgo-digital-durante-el-primer-trimestre\/","og_locale":"es_ES","og_type":"article","og_title":"Telpark incrementa un 11,7% su EBITDA y consolida su liderazgo digital durante el primer trimestre - Empark","og_url":"https:\/\/www.empark.com\/es\/telpark-incrementa-un-117-su-ebitda-y-consolida-su-liderazgo-digital-durante-el-primer-trimestre\/","og_site_name":"Empark","article_published_time":"2025-05-28T05:33:32+00:00","article_modified_time":"2025-05-28T05:36:26+00:00","og_image":[{"width":700,"height":440,"url":"https:\/\/www.empark.com\/wp-content\/uploads\/sites\/2\/2025\/05\/RESULTADOS_Q1_2025.v2jpg.jpg","type":"image\/jpeg"}],"author":"elezanap","twitter_card":"summary_large_image","twitter_misc":{"Written by":"elezanap"},"schema":{"@context":"https:\/\/schema.org","@graph":[{"@type":"Article","@id":"https:\/\/www.empark.com\/es\/telpark-incrementa-un-117-su-ebitda-y-consolida-su-liderazgo-digital-durante-el-primer-trimestre\/#article","isPartOf":{"@id":"https:\/\/www.empark.com\/es\/telpark-incrementa-un-117-su-ebitda-y-consolida-su-liderazgo-digital-durante-el-primer-trimestre\/"},"author":{"name":"elezanap","@id":"https:\/\/www.empark.com\/es\/#\/schema\/person\/46d89a7546aea0aadaf0ec76ce975b8d"},"headline":"Telpark incrementa un 11,7% su EBITDA y consolida su liderazgo digital durante el primer trimestre","datePublished":"2025-05-28T05:33:32+00:00","dateModified":"2025-05-28T05:36:26+00:00","mainEntityOfPage":{"@id":"https:\/\/www.empark.com\/es\/telpark-incrementa-un-117-su-ebitda-y-consolida-su-liderazgo-digital-durante-el-primer-trimestre\/"},"wordCount":14,"commentCount":0,"publisher":{"@id":"https:\/\/www.empark.com\/es\/#organization"},"articleSection":["Sin categorizar"],"inLanguage":"es-ES","potentialAction":[{"@type":"CommentAction","name":"Comment","target":["https:\/\/www.empark.com\/es\/telpark-incrementa-un-117-su-ebitda-y-consolida-su-liderazgo-digital-durante-el-primer-trimestre\/#respond"]}]},{"@type":"WebPage","@id":"https:\/\/www.empark.com\/es\/telpark-incrementa-un-117-su-ebitda-y-consolida-su-liderazgo-digital-durante-el-primer-trimestre\/","url":"https:\/\/www.empark.com\/es\/telpark-incrementa-un-117-su-ebitda-y-consolida-su-liderazgo-digital-durante-el-primer-trimestre\/","name":"Telpark incrementa un 11,7% su EBITDA y consolida su liderazgo digital durante el primer trimestre - Empark","isPartOf":{"@id":"https:\/\/www.empark.com\/es\/#website"},"datePublished":"2025-05-28T05:33:32+00:00","dateModified":"2025-05-28T05:36:26+00:00","breadcrumb":{"@id":"https:\/\/www.empark.com\/es\/telpark-incrementa-un-117-su-ebitda-y-consolida-su-liderazgo-digital-durante-el-primer-trimestre\/#breadcrumb"},"inLanguage":"es-ES","potentialAction":[{"@type":"ReadAction","target":["https:\/\/www.empark.com\/es\/telpark-incrementa-un-117-su-ebitda-y-consolida-su-liderazgo-digital-durante-el-primer-trimestre\/"]}]},{"@type":"BreadcrumbList","@id":"https:\/\/www.empark.com\/es\/telpark-incrementa-un-117-su-ebitda-y-consolida-su-liderazgo-digital-durante-el-primer-trimestre\/#breadcrumb","itemListElement":[{"@type":"ListItem","position":1,"name":"Home","item":"https:\/\/www.empark.com\/es\/"},{"@type":"ListItem","position":2,"name":"Telpark incrementa un 11,7% su EBITDA y consolida su liderazgo digital durante el primer trimestre"}]},{"@type":"WebSite","@id":"https:\/\/www.empark.com\/es\/#website","url":"https:\/\/www.empark.com\/es\/","name":"Empark","description":"L\u00edderes en el sector de aparcamientos y movilidad, con m\u00e1s de 455.000 plazas de aparcamiento que facilitan el desplazamiento de 150 millones de personas","publisher":{"@id":"https:\/\/www.empark.com\/es\/#organization"},"potentialAction":[{"@type":"SearchAction","target":{"@type":"EntryPoint","urlTemplate":"https:\/\/www.empark.com\/es\/?s={search_term_string}"},"query-input":"required name=search_term_string"}],"inLanguage":"es-ES"},{"@type":"Organization","@id":"https:\/\/www.empark.com\/es\/#organization","name":"Empark","url":"https:\/\/www.empark.com\/es\/","logo":{"@type":"ImageObject","inLanguage":"es-ES","@id":"https:\/\/www.empark.com\/es\/#\/schema\/logo\/image\/","url":"https:\/\/www.empark.com\/wp-content\/uploads\/sites\/2\/2023\/09\/empark-logo.svg","contentUrl":"https:\/\/www.empark.com\/wp-content\/uploads\/sites\/2\/2023\/09\/empark-logo.svg","width":100,"height":32,"caption":"Empark"},"image":{"@id":"https:\/\/www.empark.com\/es\/#\/schema\/logo\/image\/"}},{"@type":"Person","@id":"https:\/\/www.empark.com\/es\/#\/schema\/person\/46d89a7546aea0aadaf0ec76ce975b8d","name":"elezanap","image":{"@type":"ImageObject","inLanguage":"es-ES","@id":"https:\/\/www.empark.com\/es\/#\/schema\/person\/image\/","url":"https:\/\/secure.gravatar.com\/avatar\/c3b9eede1a478747f56212e1acbe2d3e?s=96&d=mm&r=g","contentUrl":"https:\/\/secure.gravatar.com\/avatar\/c3b9eede1a478747f56212e1acbe2d3e?s=96&d=mm&r=g","caption":"elezanap"}}]}},"meta_box":{"title":false,"level_title":false,"caption":false,"image":false,"style":false,"background":false,"image_mobile":false,"content_group":false,"show_google_play":false,"button_color_google_play":false,"show_apple_store":false,"button_color_apple_store":false,"banner_cta_type":false,"background_color":false,"background_mobile":false,"background_size":false,"background_position":false,"background_url":false,"background_target_blank":false,"text-align":false,"size":false,"order":false,"title_color":false,"description":false,"buttons_info":false,"cards":false,"button_info":false,"variant":false,"search_category":false,"benefits":false,"option_block":false,"location":false,"persons":false,"show_as_card":false,"text_color":false,"height":false,"show_selector":false,"placeholder":false,"searchbar_type":false,"searchbar_type_home":false,"products":false,"type":false,"columns":false,"show_mobile":false,"hide_mobile":false,"header":false,"KML":false,"tabs":false,"buttons":false,"choose_parking":false,"parkings":false,"data":false,"text":false,"short_code":false,"iframe_url":false,"iframe_title":false,"iframe_class":false,"iframe_width":false,"iframe_height":false,"map":false,"target_date":false,"background_image":false,"background_image_mobile":false,"completed_text":false,"label_days":false,"label_hours":false,"label_minutes":false,"label_seconds":false},"_links":{"self":[{"href":"https:\/\/www.empark.com\/es\/wp-json\/wp\/v2\/posts\/4306"}],"collection":[{"href":"https:\/\/www.empark.com\/es\/wp-json\/wp\/v2\/posts"}],"about":[{"href":"https:\/\/www.empark.com\/es\/wp-json\/wp\/v2\/types\/post"}],"author":[{"embeddable":true,"href":"https:\/\/www.empark.com\/es\/wp-json\/wp\/v2\/users\/13"}],"replies":[{"embeddable":true,"href":"https:\/\/www.empark.com\/es\/wp-json\/wp\/v2\/comments?post=4306"}],"version-history":[{"count":1,"href":"https:\/\/www.empark.com\/es\/wp-json\/wp\/v2\/posts\/4306\/revisions"}],"predecessor-version":[{"id":4310,"href":"https:\/\/www.empark.com\/es\/wp-json\/wp\/v2\/posts\/4306\/revisions\/4310"}],"wp:featuredmedia":[{"embeddable":true,"href":"https:\/\/www.empark.com\/es\/wp-json\/wp\/v2\/media\/4311"}],"wp:attachment":[{"href":"https:\/\/www.empark.com\/es\/wp-json\/wp\/v2\/media?parent=4306"}],"wp:term":[{"taxonomy":"category","embeddable":true,"href":"https:\/\/www.empark.com\/es\/wp-json\/wp\/v2\/categories?post=4306"},{"taxonomy":"post_tag","embeddable":true,"href":"https:\/\/www.empark.com\/es\/wp-json\/wp\/v2\/tags?post=4306"}],"curies":[{"name":"wp","href":"https:\/\/api.w.org\/{rel}","templated":true}]}}