{"id":4197,"date":"2025-04-11T08:41:32","date_gmt":"2025-04-11T07:41:32","guid":{"rendered":"https:\/\/www.empark.com\/?p=4197"},"modified":"2025-04-11T08:43:15","modified_gmt":"2025-04-11T07:43:15","slug":"telpark-facilita-la-movilidad-en-el-centro-historico-con-la-apertura-de-un-megahub-intermodal-en-plaza-del-carmen","status":"publish","type":"post","link":"https:\/\/www.empark.com\/es\/telpark-facilita-la-movilidad-en-el-centro-historico-con-la-apertura-de-un-megahub-intermodal-en-plaza-del-carmen\/","title":{"rendered":"Telpark facilita la movilidad en el centro hist\u00f3rico con la apertura de un megahub intermodal en Plaza del Carmen"},"content":{"rendered":"<article class=\"tpk-page\">\n    <div class=\"row wrapper center-xs tpk-page__content\">\n        <div class=\"col-xs-12 col-sm-10 col-md-8 pt-4 pb-4\">\n            <blockquote>\n<p><em>Situado en el centro de la ciudad de Madrid, a pocos metros de Gran V\u00eda y la Puerta del Sol con 447 plazas para veh\u00edculos, 14 para motocicletas y espacio para 23 bicicletas.<\/em><\/p>\n<p><em>Dispone de una planta exclusiva para residentes y comerciantes con 131 plazas, de las cuales 112 est\u00e1n reservadas para residentes.<\/em><\/p>\n<p><em>Ofrece 39 cargadores el\u00e9ctricos, 6 de ellos de carga r\u00e1pida con una potencia total de 400 kW.<\/em><\/p>\n<p><em>Incorpora soluciones de movilidad compartida, log\u00edstica de \u00faltima milla y estacionamiento para patinetes el\u00e9ctricos y lavadero ecol\u00f3gico.<\/em><\/p>\n<\/blockquote>\n<p><strong><em>Madrid, 11 de abril de 2025<\/em><\/strong><strong>. \u2013<\/strong> Telpark, l\u00edder en servicios de estacionamiento en Espa\u00f1a, ha finalizado la reforma del aparcamiento Plaza del Carmen, que reabre tras m\u00e1s de dos a\u00f1os como flagship de movilidad del centro de la capital.<\/p>\n<p>Con un total de 461 plazas distribuidas en cuatro niveles, nuevas infraestructuras para veh\u00edculos el\u00e9ctricos y servicios adicionales, el nuevo hub busca dar respuesta a las necesidades de una movilidad urbana en evoluci\u00f3n. En l\u00ednea con ello, incorpora 39 puntos de carga, de los cuales 6 son r\u00e1pidos con una potencia total de 400 kW, ofreciendo as\u00ed a los usuarios una opci\u00f3n de carga r\u00e1pida y eficiente en una de las zonas m\u00e1s transitadas del centro de la capital, a apenas unos metros de la Puerta del Sol.<\/p>\n<p>Adem\u00e1s, el nuevo espacio incluye \u00e1reas espec\u00edficas para <strong>motocicletas (14 plazas), bicicletas (23 plazas), patinetes el\u00e9ctricos, carsharing (11 plazas) y veh\u00edculos de alquiler (8 plazas)<\/strong>, fomentando soluciones de movilidad m\u00e1s flexibles y accesibles para los usuarios.<\/p>\n<p>Asimismo, para optimizar los servicios de log\u00edstica de \u00faltima milla, incorpora 12 plazas destinadas a furgonetas de reparto, dos de ellas equipadas con cargadores el\u00e9ctricos, y un espacio espec\u00edfico para recogida de paqueter\u00eda, que contribuir\u00e1 a reducir el tr\u00e1fico en superficie.<\/p>\n<p>El aparcamiento dispone de una planta exclusiva para residentes y comerciantes de la zona con 112 plazas. Para mejorar la accesibilidad a la carga el\u00e9ctrica, se ha realizado la preinstalaci\u00f3n el\u00e9ctrica necesaria para que los usuarios que lo deseen puedan instalar un cargador en su plaza de manera sencilla.<\/p>\n<p>En t\u00e9rminos de innovaci\u00f3n y digitalizaci\u00f3n, se han implementado sistemas de acceso con lectura de matr\u00edcula, pago m\u00f3vil y reserva anticipada de plazas por per\u00edodos entre 1 y 31 d\u00edas. Tambi\u00e9n incorpora un lavadero ecol\u00f3gico, reforzando su compromiso con la sostenibilidad.<\/p>\n<p>Ignacio Merry del Val, director de operaciones Off- Street afirma: <em>\u201cEste nuevo espacio representa una apuesta por una movilidad m\u00e1s eficiente y adaptada a las necesidades actuales de la ciudad. Hemos creado un entorno accesible y vers\u00e1til, que integra soluciones de carga el\u00e9ctrica, movilidad compartida y log\u00edstica de \u00faltima milla para facilitar el d\u00eda a d\u00eda de los ciudadanos y contribuir a una movilidad m\u00e1s fluida y sostenible en el centro de Madrid\u201d.<\/em><\/p>\n<p>&nbsp;<\/p>\n<p><strong>El papel de los <em>parkings<\/em> como epicentro de la nueva movilidad urbana<\/strong><\/p>\n<p>La remodelaci\u00f3n del aparcamiento de Plaza del Carmen se enmarca en la estrategia de Telpark para transformar sus aparcamientos en <em>hubs<\/em> de movilidad integral capitalizando su ubicaci\u00f3n estrat\u00e9gica para ofrecer servicios de alto valor a\u00f1adido a la ciudadan\u00eda.<\/p>\n<p>Asimismo, integrar\u00e1 en \u00e9l su <em>app<\/em> de reserva y pago de aparcamiento Telpark, la m\u00e1s usada y descargada en Espa\u00f1a y Portugal, con m\u00e1s de 5 millones de usuarios. \u00a0<\/p>\n<p>Este nuevo <em>hub<\/em> se suma a otros con los que la compa\u00f1\u00eda cuenta en la capital madrile\u00f1a, como el Parking Las Cortes (Madrid), inaugurado en 2024, y el Telpark <em>Mobility Hub<\/em> de Col\u00f3n (Madrid), inaugurado en 2023.<\/p>\n<p>Telpark es uno de los principales operadores de movilidad de la capital donde ya gestiona un total de 109.018 plazas, 3.629 en <em>off-street<\/em> y 105.389 en <em>on-street<\/em>.<\/p>\n<p>&nbsp;<\/p>\n<p><strong><u>Conoce Telpark<\/u><\/strong><\/p>\n<p>Con una trayectoria de m\u00e1s de 50 a\u00f1os en el sector y presencia en cerca de 150 ciudades, Empark\/Dornier es el principal operador en gesti\u00f3n integral de aparcamientos (Off Street) y estacionamiento regulado en v\u00eda p\u00fablica (On Street) de Espa\u00f1a y Portugal. Es una compa\u00f1\u00eda participada por el fondo de inversi\u00f3n Macquarie.<\/p>\n<p>La compa\u00f1\u00eda, que opera bajo la marca comercial Telpark, basa su modelo de crecimiento en una amplia oferta de servicios orientada a construir la mejor experiencia integral en torno a la movilidad urbana bajo una apuesta firme por la innovaci\u00f3n tecnol\u00f3gica como palanca clave para situar al ciudadano en el centro de su propuesta.<\/p>\n<p>Fue pionera con la creaci\u00f3n en 2013 de su app m\u00f3vil para la reserva y gesti\u00f3n de aparcamientos Telpark, que actualmente es la m\u00e1s usada y descargada en aparcamiento en la Pen\u00ednsula Ib\u00e9rica con m\u00e1s de 5 millones de usuarios.<\/p>\n<p>Adem\u00e1s del liderazgo de su app, la compa\u00f1\u00eda se encuentra inmersa en el despliegue de su red de puntos de recarga el\u00e9ctrica con m\u00e1s de 900 puntos en Iberia integrados en su app, lo que permite localizar, cargar y pagar de manera sencilla.<\/p>\n<p>M\u00e1s informaci\u00f3n en: <a href=\"https:\/\/www.empark.com\">https:\/\/www.empark.com<\/a><\/p>\n\n        <\/div>\n    <\/div>\n<\/article>","protected":false},"excerpt":{"rendered":"","protected":false},"author":13,"featured_media":4201,"comment_status":"open","ping_status":"open","sticky":false,"template":"","format":"standard","meta":{"footnotes":""},"categories":[1],"tags":[],"yoast_head":"<!-- This site is optimized with the Yoast SEO plugin v20.12 - https:\/\/yoast.com\/wordpress\/plugins\/seo\/ -->\n<title>Telpark facilita la movilidad en el centro hist\u00f3rico con la apertura de un megahub intermodal en Plaza del Carmen - Empark<\/title>\n<meta name=\"robots\" content=\"index, follow, max-snippet:-1, max-image-preview:large, max-video-preview:-1\" \/>\n<link rel=\"canonical\" href=\"https:\/\/www.empark.com\/es\/telpark-facilita-la-movilidad-en-el-centro-historico-con-la-apertura-de-un-megahub-intermodal-en-plaza-del-carmen\/\" \/>\n<meta property=\"og:locale\" content=\"es_ES\" \/>\n<meta property=\"og:type\" content=\"article\" \/>\n<meta property=\"og:title\" content=\"Telpark facilita la movilidad en el centro hist\u00f3rico con la apertura de un megahub intermodal en Plaza del Carmen - Empark\" \/>\n<meta property=\"og:url\" content=\"https:\/\/www.empark.com\/es\/telpark-facilita-la-movilidad-en-el-centro-historico-con-la-apertura-de-un-megahub-intermodal-en-plaza-del-carmen\/\" \/>\n<meta property=\"og:site_name\" content=\"Empark\" \/>\n<meta property=\"article:published_time\" content=\"2025-04-11T07:41:32+00:00\" \/>\n<meta property=\"article:modified_time\" content=\"2025-04-11T07:43:15+00:00\" \/>\n<meta property=\"og:image\" content=\"https:\/\/www.empark.com\/wp-content\/uploads\/sites\/2\/2025\/04\/ElCarmen_1.jpg\" \/>\n\t<meta property=\"og:image:width\" content=\"1500\" \/>\n\t<meta property=\"og:image:height\" content=\"1125\" \/>\n\t<meta property=\"og:image:type\" content=\"image\/jpeg\" \/>\n<meta name=\"author\" content=\"elezanap\" \/>\n<meta name=\"twitter:card\" content=\"summary_large_image\" \/>\n<meta name=\"twitter:label1\" content=\"Written by\" \/>\n\t<meta name=\"twitter:data1\" content=\"elezanap\" \/>\n<script type=\"application\/ld+json\" class=\"yoast-schema-graph\">{\"@context\":\"https:\/\/schema.org\",\"@graph\":[{\"@type\":\"Article\",\"@id\":\"https:\/\/www.empark.com\/es\/telpark-facilita-la-movilidad-en-el-centro-historico-con-la-apertura-de-un-megahub-intermodal-en-plaza-del-carmen\/#article\",\"isPartOf\":{\"@id\":\"https:\/\/www.empark.com\/es\/telpark-facilita-la-movilidad-en-el-centro-historico-con-la-apertura-de-un-megahub-intermodal-en-plaza-del-carmen\/\"},\"author\":{\"name\":\"elezanap\",\"@id\":\"https:\/\/www.empark.com\/es\/#\/schema\/person\/46d89a7546aea0aadaf0ec76ce975b8d\"},\"headline\":\"Telpark facilita la movilidad en el centro hist\u00f3rico con la apertura de un megahub intermodal en Plaza del Carmen\",\"datePublished\":\"2025-04-11T07:41:32+00:00\",\"dateModified\":\"2025-04-11T07:43:15+00:00\",\"mainEntityOfPage\":{\"@id\":\"https:\/\/www.empark.com\/es\/telpark-facilita-la-movilidad-en-el-centro-historico-con-la-apertura-de-un-megahub-intermodal-en-plaza-del-carmen\/\"},\"wordCount\":20,\"commentCount\":0,\"publisher\":{\"@id\":\"https:\/\/www.empark.com\/es\/#organization\"},\"articleSection\":[\"Sin categorizar\"],\"inLanguage\":\"es-ES\",\"potentialAction\":[{\"@type\":\"CommentAction\",\"name\":\"Comment\",\"target\":[\"https:\/\/www.empark.com\/es\/telpark-facilita-la-movilidad-en-el-centro-historico-con-la-apertura-de-un-megahub-intermodal-en-plaza-del-carmen\/#respond\"]}]},{\"@type\":\"WebPage\",\"@id\":\"https:\/\/www.empark.com\/es\/telpark-facilita-la-movilidad-en-el-centro-historico-con-la-apertura-de-un-megahub-intermodal-en-plaza-del-carmen\/\",\"url\":\"https:\/\/www.empark.com\/es\/telpark-facilita-la-movilidad-en-el-centro-historico-con-la-apertura-de-un-megahub-intermodal-en-plaza-del-carmen\/\",\"name\":\"Telpark facilita la movilidad en el centro hist\u00f3rico con la apertura de un megahub intermodal en Plaza del Carmen - Empark\",\"isPartOf\":{\"@id\":\"https:\/\/www.empark.com\/es\/#website\"},\"datePublished\":\"2025-04-11T07:41:32+00:00\",\"dateModified\":\"2025-04-11T07:43:15+00:00\",\"breadcrumb\":{\"@id\":\"https:\/\/www.empark.com\/es\/telpark-facilita-la-movilidad-en-el-centro-historico-con-la-apertura-de-un-megahub-intermodal-en-plaza-del-carmen\/#breadcrumb\"},\"inLanguage\":\"es-ES\",\"potentialAction\":[{\"@type\":\"ReadAction\",\"target\":[\"https:\/\/www.empark.com\/es\/telpark-facilita-la-movilidad-en-el-centro-historico-con-la-apertura-de-un-megahub-intermodal-en-plaza-del-carmen\/\"]}]},{\"@type\":\"BreadcrumbList\",\"@id\":\"https:\/\/www.empark.com\/es\/telpark-facilita-la-movilidad-en-el-centro-historico-con-la-apertura-de-un-megahub-intermodal-en-plaza-del-carmen\/#breadcrumb\",\"itemListElement\":[{\"@type\":\"ListItem\",\"position\":1,\"name\":\"Home\",\"item\":\"https:\/\/www.empark.com\/es\/\"},{\"@type\":\"ListItem\",\"position\":2,\"name\":\"Telpark facilita la movilidad en el centro hist\u00f3rico con la apertura de un megahub intermodal en Plaza del Carmen\"}]},{\"@type\":\"WebSite\",\"@id\":\"https:\/\/www.empark.com\/es\/#website\",\"url\":\"https:\/\/www.empark.com\/es\/\",\"name\":\"Empark\",\"description\":\"L\u00edderes en el sector de aparcamientos y movilidad, con m\u00e1s de 455.000 plazas de aparcamiento que facilitan el desplazamiento de 150 millones de personas\",\"publisher\":{\"@id\":\"https:\/\/www.empark.com\/es\/#organization\"},\"potentialAction\":[{\"@type\":\"SearchAction\",\"target\":{\"@type\":\"EntryPoint\",\"urlTemplate\":\"https:\/\/www.empark.com\/es\/?s={search_term_string}\"},\"query-input\":\"required name=search_term_string\"}],\"inLanguage\":\"es-ES\"},{\"@type\":\"Organization\",\"@id\":\"https:\/\/www.empark.com\/es\/#organization\",\"name\":\"Empark\",\"url\":\"https:\/\/www.empark.com\/es\/\",\"logo\":{\"@type\":\"ImageObject\",\"inLanguage\":\"es-ES\",\"@id\":\"https:\/\/www.empark.com\/es\/#\/schema\/logo\/image\/\",\"url\":\"https:\/\/www.empark.com\/wp-content\/uploads\/sites\/2\/2023\/09\/empark-logo.svg\",\"contentUrl\":\"https:\/\/www.empark.com\/wp-content\/uploads\/sites\/2\/2023\/09\/empark-logo.svg\",\"width\":100,\"height\":32,\"caption\":\"Empark\"},\"image\":{\"@id\":\"https:\/\/www.empark.com\/es\/#\/schema\/logo\/image\/\"}},{\"@type\":\"Person\",\"@id\":\"https:\/\/www.empark.com\/es\/#\/schema\/person\/46d89a7546aea0aadaf0ec76ce975b8d\",\"name\":\"elezanap\",\"image\":{\"@type\":\"ImageObject\",\"inLanguage\":\"es-ES\",\"@id\":\"https:\/\/www.empark.com\/es\/#\/schema\/person\/image\/\",\"url\":\"https:\/\/secure.gravatar.com\/avatar\/c3b9eede1a478747f56212e1acbe2d3e?s=96&d=mm&r=g\",\"contentUrl\":\"https:\/\/secure.gravatar.com\/avatar\/c3b9eede1a478747f56212e1acbe2d3e?s=96&d=mm&r=g\",\"caption\":\"elezanap\"}}]}<\/script>\n<!-- \/ Yoast SEO plugin. -->","yoast_head_json":{"title":"Telpark facilita la movilidad en el centro hist\u00f3rico con la apertura de un megahub intermodal en Plaza del Carmen - Empark","robots":{"index":"index","follow":"follow","max-snippet":"max-snippet:-1","max-image-preview":"max-image-preview:large","max-video-preview":"max-video-preview:-1"},"canonical":"https:\/\/www.empark.com\/es\/telpark-facilita-la-movilidad-en-el-centro-historico-con-la-apertura-de-un-megahub-intermodal-en-plaza-del-carmen\/","og_locale":"es_ES","og_type":"article","og_title":"Telpark facilita la movilidad en el centro hist\u00f3rico con la apertura de un megahub intermodal en Plaza del Carmen - Empark","og_url":"https:\/\/www.empark.com\/es\/telpark-facilita-la-movilidad-en-el-centro-historico-con-la-apertura-de-un-megahub-intermodal-en-plaza-del-carmen\/","og_site_name":"Empark","article_published_time":"2025-04-11T07:41:32+00:00","article_modified_time":"2025-04-11T07:43:15+00:00","og_image":[{"width":1500,"height":1125,"url":"https:\/\/www.empark.com\/wp-content\/uploads\/sites\/2\/2025\/04\/ElCarmen_1.jpg","type":"image\/jpeg"}],"author":"elezanap","twitter_card":"summary_large_image","twitter_misc":{"Written by":"elezanap"},"schema":{"@context":"https:\/\/schema.org","@graph":[{"@type":"Article","@id":"https:\/\/www.empark.com\/es\/telpark-facilita-la-movilidad-en-el-centro-historico-con-la-apertura-de-un-megahub-intermodal-en-plaza-del-carmen\/#article","isPartOf":{"@id":"https:\/\/www.empark.com\/es\/telpark-facilita-la-movilidad-en-el-centro-historico-con-la-apertura-de-un-megahub-intermodal-en-plaza-del-carmen\/"},"author":{"name":"elezanap","@id":"https:\/\/www.empark.com\/es\/#\/schema\/person\/46d89a7546aea0aadaf0ec76ce975b8d"},"headline":"Telpark facilita la movilidad en el centro hist\u00f3rico con la apertura de un megahub intermodal en Plaza del Carmen","datePublished":"2025-04-11T07:41:32+00:00","dateModified":"2025-04-11T07:43:15+00:00","mainEntityOfPage":{"@id":"https:\/\/www.empark.com\/es\/telpark-facilita-la-movilidad-en-el-centro-historico-con-la-apertura-de-un-megahub-intermodal-en-plaza-del-carmen\/"},"wordCount":20,"commentCount":0,"publisher":{"@id":"https:\/\/www.empark.com\/es\/#organization"},"articleSection":["Sin categorizar"],"inLanguage":"es-ES","potentialAction":[{"@type":"CommentAction","name":"Comment","target":["https:\/\/www.empark.com\/es\/telpark-facilita-la-movilidad-en-el-centro-historico-con-la-apertura-de-un-megahub-intermodal-en-plaza-del-carmen\/#respond"]}]},{"@type":"WebPage","@id":"https:\/\/www.empark.com\/es\/telpark-facilita-la-movilidad-en-el-centro-historico-con-la-apertura-de-un-megahub-intermodal-en-plaza-del-carmen\/","url":"https:\/\/www.empark.com\/es\/telpark-facilita-la-movilidad-en-el-centro-historico-con-la-apertura-de-un-megahub-intermodal-en-plaza-del-carmen\/","name":"Telpark facilita la movilidad en el centro hist\u00f3rico con la apertura de un megahub intermodal en Plaza del Carmen - Empark","isPartOf":{"@id":"https:\/\/www.empark.com\/es\/#website"},"datePublished":"2025-04-11T07:41:32+00:00","dateModified":"2025-04-11T07:43:15+00:00","breadcrumb":{"@id":"https:\/\/www.empark.com\/es\/telpark-facilita-la-movilidad-en-el-centro-historico-con-la-apertura-de-un-megahub-intermodal-en-plaza-del-carmen\/#breadcrumb"},"inLanguage":"es-ES","potentialAction":[{"@type":"ReadAction","target":["https:\/\/www.empark.com\/es\/telpark-facilita-la-movilidad-en-el-centro-historico-con-la-apertura-de-un-megahub-intermodal-en-plaza-del-carmen\/"]}]},{"@type":"BreadcrumbList","@id":"https:\/\/www.empark.com\/es\/telpark-facilita-la-movilidad-en-el-centro-historico-con-la-apertura-de-un-megahub-intermodal-en-plaza-del-carmen\/#breadcrumb","itemListElement":[{"@type":"ListItem","position":1,"name":"Home","item":"https:\/\/www.empark.com\/es\/"},{"@type":"ListItem","position":2,"name":"Telpark facilita la movilidad en el centro hist\u00f3rico con la apertura de un megahub intermodal en Plaza del Carmen"}]},{"@type":"WebSite","@id":"https:\/\/www.empark.com\/es\/#website","url":"https:\/\/www.empark.com\/es\/","name":"Empark","description":"L\u00edderes en el sector de aparcamientos y movilidad, con m\u00e1s de 455.000 plazas de aparcamiento que facilitan el desplazamiento de 150 millones de personas","publisher":{"@id":"https:\/\/www.empark.com\/es\/#organization"},"potentialAction":[{"@type":"SearchAction","target":{"@type":"EntryPoint","urlTemplate":"https:\/\/www.empark.com\/es\/?s={search_term_string}"},"query-input":"required name=search_term_string"}],"inLanguage":"es-ES"},{"@type":"Organization","@id":"https:\/\/www.empark.com\/es\/#organization","name":"Empark","url":"https:\/\/www.empark.com\/es\/","logo":{"@type":"ImageObject","inLanguage":"es-ES","@id":"https:\/\/www.empark.com\/es\/#\/schema\/logo\/image\/","url":"https:\/\/www.empark.com\/wp-content\/uploads\/sites\/2\/2023\/09\/empark-logo.svg","contentUrl":"https:\/\/www.empark.com\/wp-content\/uploads\/sites\/2\/2023\/09\/empark-logo.svg","width":100,"height":32,"caption":"Empark"},"image":{"@id":"https:\/\/www.empark.com\/es\/#\/schema\/logo\/image\/"}},{"@type":"Person","@id":"https:\/\/www.empark.com\/es\/#\/schema\/person\/46d89a7546aea0aadaf0ec76ce975b8d","name":"elezanap","image":{"@type":"ImageObject","inLanguage":"es-ES","@id":"https:\/\/www.empark.com\/es\/#\/schema\/person\/image\/","url":"https:\/\/secure.gravatar.com\/avatar\/c3b9eede1a478747f56212e1acbe2d3e?s=96&d=mm&r=g","contentUrl":"https:\/\/secure.gravatar.com\/avatar\/c3b9eede1a478747f56212e1acbe2d3e?s=96&d=mm&r=g","caption":"elezanap"}}]}},"meta_box":{"title":false,"level_title":false,"caption":false,"image":false,"style":false,"background":false,"image_mobile":false,"content_group":false,"show_google_play":false,"button_color_google_play":false,"show_apple_store":false,"button_color_apple_store":false,"banner_cta_type":false,"background_color":false,"background_mobile":false,"background_size":false,"background_position":false,"background_url":false,"background_target_blank":false,"text-align":false,"size":false,"order":false,"title_color":false,"description":false,"buttons_info":false,"cards":false,"button_info":false,"variant":false,"search_category":false,"benefits":false,"option_block":false,"location":false,"persons":false,"show_as_card":false,"text_color":false,"height":false,"show_selector":false,"placeholder":false,"searchbar_type":false,"searchbar_type_home":false,"products":false,"type":false,"columns":false,"show_mobile":false,"hide_mobile":false,"header":false,"KML":false,"tabs":false,"buttons":false,"choose_parking":false,"parkings":false,"data":false,"text":false,"short_code":false,"iframe_url":false,"iframe_title":false,"iframe_class":false,"iframe_width":false,"iframe_height":false,"map":false,"target_date":false,"background_image":false,"background_image_mobile":false,"completed_text":false,"label_days":false,"label_hours":false,"label_minutes":false,"label_seconds":false},"_links":{"self":[{"href":"https:\/\/www.empark.com\/es\/wp-json\/wp\/v2\/posts\/4197"}],"collection":[{"href":"https:\/\/www.empark.com\/es\/wp-json\/wp\/v2\/posts"}],"about":[{"href":"https:\/\/www.empark.com\/es\/wp-json\/wp\/v2\/types\/post"}],"author":[{"embeddable":true,"href":"https:\/\/www.empark.com\/es\/wp-json\/wp\/v2\/users\/13"}],"replies":[{"embeddable":true,"href":"https:\/\/www.empark.com\/es\/wp-json\/wp\/v2\/comments?post=4197"}],"version-history":[{"count":1,"href":"https:\/\/www.empark.com\/es\/wp-json\/wp\/v2\/posts\/4197\/revisions"}],"predecessor-version":[{"id":4204,"href":"https:\/\/www.empark.com\/es\/wp-json\/wp\/v2\/posts\/4197\/revisions\/4204"}],"wp:featuredmedia":[{"embeddable":true,"href":"https:\/\/www.empark.com\/es\/wp-json\/wp\/v2\/media\/4201"}],"wp:attachment":[{"href":"https:\/\/www.empark.com\/es\/wp-json\/wp\/v2\/media?parent=4197"}],"wp:term":[{"taxonomy":"category","embeddable":true,"href":"https:\/\/www.empark.com\/es\/wp-json\/wp\/v2\/categories?post=4197"},{"taxonomy":"post_tag","embeddable":true,"href":"https:\/\/www.empark.com\/es\/wp-json\/wp\/v2\/tags?post=4197"}],"curies":[{"name":"wp","href":"https:\/\/api.w.org\/{rel}","templated":true}]}}