{"id":3973,"date":"2024-12-20T09:43:13","date_gmt":"2024-12-20T08:43:13","guid":{"rendered":"https:\/\/www.empark.com\/?p=3973"},"modified":"2025-01-15T11:04:12","modified_gmt":"2025-01-15T10:04:12","slug":"telpark-pone-en-marcha-4-puntos-de-carga-ultrarrapidos-en-la-alhondiga-e-impulsa-la-movilidad-electrica-en-bilbao","status":"publish","type":"post","link":"https:\/\/www.empark.com\/es\/telpark-pone-en-marcha-4-puntos-de-carga-ultrarrapidos-en-la-alhondiga-e-impulsa-la-movilidad-electrica-en-bilbao\/","title":{"rendered":"Telpark pone en marcha 4 puntos de carga ultrarr\u00e1pidos en La Alh\u00f3ndiga e impulsa la movilidad el\u00e9ctrica en Bilbao"},"content":{"rendered":"<article class=\"tpk-page\">\n    <div class=\"row wrapper center-xs tpk-page__content\">\n        <div class=\"col-xs-12 col-sm-10 col-md-8 pt-4 pb-4\">\n            <blockquote>\n<p><strong>Suman una potencia total de 240kW, que permiten la carga simult\u00e1nea de cuatro veh\u00edculos<\/strong><\/p>\n<\/blockquote>\n<p>Bilbao, diciembre de 2024.- <a href=\"https:\/\/www.telpark.com\/es\/\">Telpark<\/a>, l\u00edder en servicios de movilidad urbana y estacionamiento en Iberia, ha puesto en marcha en el parking de La Alh\u00f3ndiga en Bilbao, cuatro puntos de carga ultrarr\u00e1pidos que cuentan con una potencia total de 240 kW. Los nuevos equipos, operativos desde principios de diciembre, permiten la carga simult\u00e1nea de hasta cuatro veh\u00edculos a 60kW.<\/p>\n<p>Esta estaci\u00f3n se enmarca en el plan de despliegue de infraestructura de carga propia de la compa\u00f1\u00eda, que contempla la instalaci\u00f3n de 90 puntos de carga r\u00e1pida a nivel nacional antes de que finalice 2024; y que se suman al despliegue de m\u00e1s de 800 cargadores de 22kWh en la Pen\u00ednsula Ib\u00e9rica. El objetivo es capitalizar las ubicaciones estrat\u00e9gicas de sus aparcamientos en el centro de las ciudades para derribar una de las grandes barreras en la adopci\u00f3n del veh\u00edculo el\u00e9ctrico: el acceso a una red de carga r\u00e1pida y eficiente.<\/p>\n<p>La c\u00e9ntrica localizaci\u00f3n de los puntos de carga, en pleno centro neur\u00e1lgico y tur\u00edstico bilba\u00edno, permite tanto a ciudadanos como visitantes cargar sus veh\u00edculos r\u00e1pida y c\u00f3modamente. A estos 4 puntos de carga ultrarr\u00e1pida se suman 13 puntos de carga de 22 kW en la ciudad (6 en Alh\u00f3ndiga y 7 en el Parking de Indautxu).<\/p>\n<p>\u201c<em>Con nuestros servicios de movilidad buscamos ofrecer soluciones que no solo sean pr\u00e1cticas, sino que tambi\u00e9n contribuyan al avance hacia un modelo de movilidad urbana m\u00e1s limpio y responsable. Contribuyendo a esta transici\u00f3n en Bilbao y posibilitando que el acceso a la carga r\u00e1pida sea una opci\u00f3n m\u00e1s conveniente y accesible para todos los bilba\u00ednos<\/em>\u201d, afirma Jaime Malo de Molina, Director territorial de Telpark.<\/p>\n<p>La concejala de movilidad y sostenibilidad de Bilbao, Nora Abete, Jaime Malo de Molina (Director territorial Telpark), Noa Trigueros (Jefa de \u00e1rea Telpark) e Ignacio Alday (Director general de movilidad de Telpark) han visitado este nuevo espacio de carga ultrarr\u00e1pida, un proyecto que ha podido acelerarse gracias a la colaboraci\u00f3n del Instituto para la Diversificaci\u00f3n y Ahorro de la Energ\u00eda (IDAE)<\/p>\n\n        <\/div>\n    <\/div>\n<\/article>","protected":false},"excerpt":{"rendered":"","protected":false},"author":13,"featured_media":3974,"comment_status":"open","ping_status":"open","sticky":false,"template":"","format":"standard","meta":{"footnotes":""},"categories":[38,1],"tags":[],"yoast_head":"<!-- This site is optimized with the Yoast SEO plugin v20.12 - https:\/\/yoast.com\/wordpress\/plugins\/seo\/ -->\n<title>Telpark pone en marcha 4 puntos de carga ultrarr\u00e1pidos en La Alh\u00f3ndiga e impulsa la movilidad el\u00e9ctrica en Bilbao - Empark<\/title>\n<meta name=\"robots\" content=\"index, follow, max-snippet:-1, max-image-preview:large, max-video-preview:-1\" \/>\n<link rel=\"canonical\" href=\"https:\/\/www.empark.com\/es\/telpark-pone-en-marcha-4-puntos-de-carga-ultrarrapidos-en-la-alhondiga-e-impulsa-la-movilidad-electrica-en-bilbao\/\" \/>\n<meta property=\"og:locale\" content=\"es_ES\" \/>\n<meta property=\"og:type\" content=\"article\" \/>\n<meta property=\"og:title\" content=\"Telpark pone en marcha 4 puntos de carga ultrarr\u00e1pidos en La Alh\u00f3ndiga e impulsa la movilidad el\u00e9ctrica en Bilbao - Empark\" \/>\n<meta property=\"og:url\" content=\"https:\/\/www.empark.com\/es\/telpark-pone-en-marcha-4-puntos-de-carga-ultrarrapidos-en-la-alhondiga-e-impulsa-la-movilidad-electrica-en-bilbao\/\" \/>\n<meta property=\"og:site_name\" content=\"Empark\" \/>\n<meta property=\"article:published_time\" content=\"2024-12-20T08:43:13+00:00\" \/>\n<meta property=\"article:modified_time\" content=\"2025-01-15T10:04:12+00:00\" \/>\n<meta property=\"og:image\" content=\"https:\/\/www.empark.com\/wp-content\/uploads\/sites\/2\/2024\/12\/Alhondiga-1.jpg\" \/>\n\t<meta property=\"og:image:width\" content=\"2048\" \/>\n\t<meta property=\"og:image:height\" content=\"1536\" \/>\n\t<meta property=\"og:image:type\" content=\"image\/jpeg\" \/>\n<meta name=\"author\" content=\"elezanap\" \/>\n<meta name=\"twitter:card\" content=\"summary_large_image\" \/>\n<meta name=\"twitter:label1\" content=\"Written by\" \/>\n\t<meta name=\"twitter:data1\" content=\"elezanap\" \/>\n<script type=\"application\/ld+json\" class=\"yoast-schema-graph\">{\"@context\":\"https:\/\/schema.org\",\"@graph\":[{\"@type\":\"Article\",\"@id\":\"https:\/\/www.empark.com\/es\/telpark-pone-en-marcha-4-puntos-de-carga-ultrarrapidos-en-la-alhondiga-e-impulsa-la-movilidad-electrica-en-bilbao\/#article\",\"isPartOf\":{\"@id\":\"https:\/\/www.empark.com\/es\/telpark-pone-en-marcha-4-puntos-de-carga-ultrarrapidos-en-la-alhondiga-e-impulsa-la-movilidad-electrica-en-bilbao\/\"},\"author\":{\"name\":\"elezanap\",\"@id\":\"https:\/\/www.empark.com\/es\/#\/schema\/person\/46d89a7546aea0aadaf0ec76ce975b8d\"},\"headline\":\"Telpark pone en marcha 4 puntos de carga ultrarr\u00e1pidos en La Alh\u00f3ndiga e impulsa la movilidad el\u00e9ctrica en Bilbao\",\"datePublished\":\"2024-12-20T08:43:13+00:00\",\"dateModified\":\"2025-01-15T10:04:12+00:00\",\"mainEntityOfPage\":{\"@id\":\"https:\/\/www.empark.com\/es\/telpark-pone-en-marcha-4-puntos-de-carga-ultrarrapidos-en-la-alhondiga-e-impulsa-la-movilidad-electrica-en-bilbao\/\"},\"wordCount\":21,\"commentCount\":0,\"publisher\":{\"@id\":\"https:\/\/www.empark.com\/es\/#organization\"},\"articleSection\":[\"Comunicaci\u00f3n corporativa\",\"Sin categorizar\"],\"inLanguage\":\"es-ES\",\"potentialAction\":[{\"@type\":\"CommentAction\",\"name\":\"Comment\",\"target\":[\"https:\/\/www.empark.com\/es\/telpark-pone-en-marcha-4-puntos-de-carga-ultrarrapidos-en-la-alhondiga-e-impulsa-la-movilidad-electrica-en-bilbao\/#respond\"]}]},{\"@type\":\"WebPage\",\"@id\":\"https:\/\/www.empark.com\/es\/telpark-pone-en-marcha-4-puntos-de-carga-ultrarrapidos-en-la-alhondiga-e-impulsa-la-movilidad-electrica-en-bilbao\/\",\"url\":\"https:\/\/www.empark.com\/es\/telpark-pone-en-marcha-4-puntos-de-carga-ultrarrapidos-en-la-alhondiga-e-impulsa-la-movilidad-electrica-en-bilbao\/\",\"name\":\"Telpark pone en marcha 4 puntos de carga ultrarr\u00e1pidos en La Alh\u00f3ndiga e impulsa la movilidad el\u00e9ctrica en Bilbao - Empark\",\"isPartOf\":{\"@id\":\"https:\/\/www.empark.com\/es\/#website\"},\"datePublished\":\"2024-12-20T08:43:13+00:00\",\"dateModified\":\"2025-01-15T10:04:12+00:00\",\"breadcrumb\":{\"@id\":\"https:\/\/www.empark.com\/es\/telpark-pone-en-marcha-4-puntos-de-carga-ultrarrapidos-en-la-alhondiga-e-impulsa-la-movilidad-electrica-en-bilbao\/#breadcrumb\"},\"inLanguage\":\"es-ES\",\"potentialAction\":[{\"@type\":\"ReadAction\",\"target\":[\"https:\/\/www.empark.com\/es\/telpark-pone-en-marcha-4-puntos-de-carga-ultrarrapidos-en-la-alhondiga-e-impulsa-la-movilidad-electrica-en-bilbao\/\"]}]},{\"@type\":\"BreadcrumbList\",\"@id\":\"https:\/\/www.empark.com\/es\/telpark-pone-en-marcha-4-puntos-de-carga-ultrarrapidos-en-la-alhondiga-e-impulsa-la-movilidad-electrica-en-bilbao\/#breadcrumb\",\"itemListElement\":[{\"@type\":\"ListItem\",\"position\":1,\"name\":\"Home\",\"item\":\"https:\/\/www.empark.com\/es\/\"},{\"@type\":\"ListItem\",\"position\":2,\"name\":\"Telpark pone en marcha 4 puntos de carga ultrarr\u00e1pidos en La Alh\u00f3ndiga e impulsa la movilidad el\u00e9ctrica en Bilbao\"}]},{\"@type\":\"WebSite\",\"@id\":\"https:\/\/www.empark.com\/es\/#website\",\"url\":\"https:\/\/www.empark.com\/es\/\",\"name\":\"Empark\",\"description\":\"L\u00edderes en el sector de aparcamientos y movilidad, con m\u00e1s de 455.000 plazas de aparcamiento que facilitan el desplazamiento de 150 millones de personas\",\"publisher\":{\"@id\":\"https:\/\/www.empark.com\/es\/#organization\"},\"potentialAction\":[{\"@type\":\"SearchAction\",\"target\":{\"@type\":\"EntryPoint\",\"urlTemplate\":\"https:\/\/www.empark.com\/es\/?s={search_term_string}\"},\"query-input\":\"required name=search_term_string\"}],\"inLanguage\":\"es-ES\"},{\"@type\":\"Organization\",\"@id\":\"https:\/\/www.empark.com\/es\/#organization\",\"name\":\"Empark\",\"url\":\"https:\/\/www.empark.com\/es\/\",\"logo\":{\"@type\":\"ImageObject\",\"inLanguage\":\"es-ES\",\"@id\":\"https:\/\/www.empark.com\/es\/#\/schema\/logo\/image\/\",\"url\":\"https:\/\/www.empark.com\/wp-content\/uploads\/sites\/2\/2023\/09\/empark-logo.svg\",\"contentUrl\":\"https:\/\/www.empark.com\/wp-content\/uploads\/sites\/2\/2023\/09\/empark-logo.svg\",\"width\":100,\"height\":32,\"caption\":\"Empark\"},\"image\":{\"@id\":\"https:\/\/www.empark.com\/es\/#\/schema\/logo\/image\/\"}},{\"@type\":\"Person\",\"@id\":\"https:\/\/www.empark.com\/es\/#\/schema\/person\/46d89a7546aea0aadaf0ec76ce975b8d\",\"name\":\"elezanap\",\"image\":{\"@type\":\"ImageObject\",\"inLanguage\":\"es-ES\",\"@id\":\"https:\/\/www.empark.com\/es\/#\/schema\/person\/image\/\",\"url\":\"https:\/\/secure.gravatar.com\/avatar\/c3b9eede1a478747f56212e1acbe2d3e?s=96&d=mm&r=g\",\"contentUrl\":\"https:\/\/secure.gravatar.com\/avatar\/c3b9eede1a478747f56212e1acbe2d3e?s=96&d=mm&r=g\",\"caption\":\"elezanap\"}}]}<\/script>\n<!-- \/ Yoast SEO plugin. -->","yoast_head_json":{"title":"Telpark pone en marcha 4 puntos de carga ultrarr\u00e1pidos en La Alh\u00f3ndiga e impulsa la movilidad el\u00e9ctrica en Bilbao - Empark","robots":{"index":"index","follow":"follow","max-snippet":"max-snippet:-1","max-image-preview":"max-image-preview:large","max-video-preview":"max-video-preview:-1"},"canonical":"https:\/\/www.empark.com\/es\/telpark-pone-en-marcha-4-puntos-de-carga-ultrarrapidos-en-la-alhondiga-e-impulsa-la-movilidad-electrica-en-bilbao\/","og_locale":"es_ES","og_type":"article","og_title":"Telpark pone en marcha 4 puntos de carga ultrarr\u00e1pidos en La Alh\u00f3ndiga e impulsa la movilidad el\u00e9ctrica en Bilbao - Empark","og_url":"https:\/\/www.empark.com\/es\/telpark-pone-en-marcha-4-puntos-de-carga-ultrarrapidos-en-la-alhondiga-e-impulsa-la-movilidad-electrica-en-bilbao\/","og_site_name":"Empark","article_published_time":"2024-12-20T08:43:13+00:00","article_modified_time":"2025-01-15T10:04:12+00:00","og_image":[{"width":2048,"height":1536,"url":"https:\/\/www.empark.com\/wp-content\/uploads\/sites\/2\/2024\/12\/Alhondiga-1.jpg","type":"image\/jpeg"}],"author":"elezanap","twitter_card":"summary_large_image","twitter_misc":{"Written by":"elezanap"},"schema":{"@context":"https:\/\/schema.org","@graph":[{"@type":"Article","@id":"https:\/\/www.empark.com\/es\/telpark-pone-en-marcha-4-puntos-de-carga-ultrarrapidos-en-la-alhondiga-e-impulsa-la-movilidad-electrica-en-bilbao\/#article","isPartOf":{"@id":"https:\/\/www.empark.com\/es\/telpark-pone-en-marcha-4-puntos-de-carga-ultrarrapidos-en-la-alhondiga-e-impulsa-la-movilidad-electrica-en-bilbao\/"},"author":{"name":"elezanap","@id":"https:\/\/www.empark.com\/es\/#\/schema\/person\/46d89a7546aea0aadaf0ec76ce975b8d"},"headline":"Telpark pone en marcha 4 puntos de carga ultrarr\u00e1pidos en La Alh\u00f3ndiga e impulsa la movilidad el\u00e9ctrica en Bilbao","datePublished":"2024-12-20T08:43:13+00:00","dateModified":"2025-01-15T10:04:12+00:00","mainEntityOfPage":{"@id":"https:\/\/www.empark.com\/es\/telpark-pone-en-marcha-4-puntos-de-carga-ultrarrapidos-en-la-alhondiga-e-impulsa-la-movilidad-electrica-en-bilbao\/"},"wordCount":21,"commentCount":0,"publisher":{"@id":"https:\/\/www.empark.com\/es\/#organization"},"articleSection":["Comunicaci\u00f3n corporativa","Sin categorizar"],"inLanguage":"es-ES","potentialAction":[{"@type":"CommentAction","name":"Comment","target":["https:\/\/www.empark.com\/es\/telpark-pone-en-marcha-4-puntos-de-carga-ultrarrapidos-en-la-alhondiga-e-impulsa-la-movilidad-electrica-en-bilbao\/#respond"]}]},{"@type":"WebPage","@id":"https:\/\/www.empark.com\/es\/telpark-pone-en-marcha-4-puntos-de-carga-ultrarrapidos-en-la-alhondiga-e-impulsa-la-movilidad-electrica-en-bilbao\/","url":"https:\/\/www.empark.com\/es\/telpark-pone-en-marcha-4-puntos-de-carga-ultrarrapidos-en-la-alhondiga-e-impulsa-la-movilidad-electrica-en-bilbao\/","name":"Telpark pone en marcha 4 puntos de carga ultrarr\u00e1pidos en La Alh\u00f3ndiga e impulsa la movilidad el\u00e9ctrica en Bilbao - Empark","isPartOf":{"@id":"https:\/\/www.empark.com\/es\/#website"},"datePublished":"2024-12-20T08:43:13+00:00","dateModified":"2025-01-15T10:04:12+00:00","breadcrumb":{"@id":"https:\/\/www.empark.com\/es\/telpark-pone-en-marcha-4-puntos-de-carga-ultrarrapidos-en-la-alhondiga-e-impulsa-la-movilidad-electrica-en-bilbao\/#breadcrumb"},"inLanguage":"es-ES","potentialAction":[{"@type":"ReadAction","target":["https:\/\/www.empark.com\/es\/telpark-pone-en-marcha-4-puntos-de-carga-ultrarrapidos-en-la-alhondiga-e-impulsa-la-movilidad-electrica-en-bilbao\/"]}]},{"@type":"BreadcrumbList","@id":"https:\/\/www.empark.com\/es\/telpark-pone-en-marcha-4-puntos-de-carga-ultrarrapidos-en-la-alhondiga-e-impulsa-la-movilidad-electrica-en-bilbao\/#breadcrumb","itemListElement":[{"@type":"ListItem","position":1,"name":"Home","item":"https:\/\/www.empark.com\/es\/"},{"@type":"ListItem","position":2,"name":"Telpark pone en marcha 4 puntos de carga ultrarr\u00e1pidos en La Alh\u00f3ndiga e impulsa la movilidad el\u00e9ctrica en Bilbao"}]},{"@type":"WebSite","@id":"https:\/\/www.empark.com\/es\/#website","url":"https:\/\/www.empark.com\/es\/","name":"Empark","description":"L\u00edderes en el sector de aparcamientos y movilidad, con m\u00e1s de 455.000 plazas de aparcamiento que facilitan el desplazamiento de 150 millones de personas","publisher":{"@id":"https:\/\/www.empark.com\/es\/#organization"},"potentialAction":[{"@type":"SearchAction","target":{"@type":"EntryPoint","urlTemplate":"https:\/\/www.empark.com\/es\/?s={search_term_string}"},"query-input":"required name=search_term_string"}],"inLanguage":"es-ES"},{"@type":"Organization","@id":"https:\/\/www.empark.com\/es\/#organization","name":"Empark","url":"https:\/\/www.empark.com\/es\/","logo":{"@type":"ImageObject","inLanguage":"es-ES","@id":"https:\/\/www.empark.com\/es\/#\/schema\/logo\/image\/","url":"https:\/\/www.empark.com\/wp-content\/uploads\/sites\/2\/2023\/09\/empark-logo.svg","contentUrl":"https:\/\/www.empark.com\/wp-content\/uploads\/sites\/2\/2023\/09\/empark-logo.svg","width":100,"height":32,"caption":"Empark"},"image":{"@id":"https:\/\/www.empark.com\/es\/#\/schema\/logo\/image\/"}},{"@type":"Person","@id":"https:\/\/www.empark.com\/es\/#\/schema\/person\/46d89a7546aea0aadaf0ec76ce975b8d","name":"elezanap","image":{"@type":"ImageObject","inLanguage":"es-ES","@id":"https:\/\/www.empark.com\/es\/#\/schema\/person\/image\/","url":"https:\/\/secure.gravatar.com\/avatar\/c3b9eede1a478747f56212e1acbe2d3e?s=96&d=mm&r=g","contentUrl":"https:\/\/secure.gravatar.com\/avatar\/c3b9eede1a478747f56212e1acbe2d3e?s=96&d=mm&r=g","caption":"elezanap"}}]}},"meta_box":{"title":false,"level_title":false,"caption":false,"image":false,"style":false,"background":false,"image_mobile":false,"content_group":false,"show_google_play":false,"button_color_google_play":false,"show_apple_store":false,"button_color_apple_store":false,"banner_cta_type":false,"background_color":false,"background_mobile":false,"background_size":false,"background_position":false,"background_url":false,"background_target_blank":false,"text-align":false,"size":false,"order":false,"title_color":false,"description":false,"buttons_info":false,"cards":false,"button_info":false,"variant":false,"search_category":false,"benefits":false,"option_block":false,"location":false,"persons":false,"show_as_card":false,"text_color":false,"height":false,"show_selector":false,"placeholder":false,"searchbar_type":false,"searchbar_type_home":false,"products":false,"type":false,"columns":false,"show_mobile":false,"hide_mobile":false,"header":false,"KML":false,"tabs":false,"buttons":false,"choose_parking":false,"parkings":false,"data":false,"text":false,"short_code":false,"iframe_url":false,"iframe_title":false,"iframe_class":false,"iframe_width":false,"iframe_height":false,"map":false,"target_date":false,"background_image":false,"background_image_mobile":false,"completed_text":false,"label_days":false,"label_hours":false,"label_minutes":false,"label_seconds":false},"_links":{"self":[{"href":"https:\/\/www.empark.com\/es\/wp-json\/wp\/v2\/posts\/3973"}],"collection":[{"href":"https:\/\/www.empark.com\/es\/wp-json\/wp\/v2\/posts"}],"about":[{"href":"https:\/\/www.empark.com\/es\/wp-json\/wp\/v2\/types\/post"}],"author":[{"embeddable":true,"href":"https:\/\/www.empark.com\/es\/wp-json\/wp\/v2\/users\/13"}],"replies":[{"embeddable":true,"href":"https:\/\/www.empark.com\/es\/wp-json\/wp\/v2\/comments?post=3973"}],"version-history":[{"count":3,"href":"https:\/\/www.empark.com\/es\/wp-json\/wp\/v2\/posts\/3973\/revisions"}],"predecessor-version":[{"id":4008,"href":"https:\/\/www.empark.com\/es\/wp-json\/wp\/v2\/posts\/3973\/revisions\/4008"}],"wp:featuredmedia":[{"embeddable":true,"href":"https:\/\/www.empark.com\/es\/wp-json\/wp\/v2\/media\/3974"}],"wp:attachment":[{"href":"https:\/\/www.empark.com\/es\/wp-json\/wp\/v2\/media?parent=3973"}],"wp:term":[{"taxonomy":"category","embeddable":true,"href":"https:\/\/www.empark.com\/es\/wp-json\/wp\/v2\/categories?post=3973"},{"taxonomy":"post_tag","embeddable":true,"href":"https:\/\/www.empark.com\/es\/wp-json\/wp\/v2\/tags?post=3973"}],"curies":[{"name":"wp","href":"https:\/\/api.w.org\/{rel}","templated":true}]}}