{"id":3918,"date":"2024-11-14T15:01:07","date_gmt":"2024-11-14T14:01:07","guid":{"rendered":"https:\/\/www.empark.com\/?p=3918"},"modified":"2024-11-14T15:02:33","modified_gmt":"2024-11-14T14:02:33","slug":"telpark-inaugura-un-nuevo-parking-aviz-en-oporto-con-una-campana-especial-de-navidad","status":"publish","type":"post","link":"https:\/\/www.empark.com\/es\/telpark-inaugura-un-nuevo-parking-aviz-en-oporto-con-una-campana-especial-de-navidad\/","title":{"rendered":"Telpark inaugura un nuevo parking en Oporto, Aviz, con una campa\u00f1a especial de Navidad"},"content":{"rendered":"<article class=\"tpk-page\">\n    <div class=\"row wrapper center-xs tpk-page__content\">\n        <div class=\"col-xs-12 col-sm-10 col-md-8 pt-4 pb-4\">\n            <p>Telpark, la empresa l\u00edder en la gesti\u00f3n de infraestructuras de movilidad en la pen\u00ednsula ib\u00e9rica, ha inaugurado un nuevo aparcamiento subterr\u00e1neo en Oporto en un evento que cont\u00f3 con la asistencia del alcalde, Rui Moreira. El nuevo Parking Aviz, situado en la zona hom\u00f3nima, es el noveno aparcamiento de Telpark en la ciudad y ofrece 182 plazas distribuidas en tres niveles.<\/p>\n<p>La apertura del Parque Aviz coincide con la remodelaci\u00f3n de la plaza en superficie, una zona residencial revitalizada que ahora alberga diversos comercios y servicios en uno de los puntos m\u00e1s atractivos de la ciudad. Este nuevo aparcamiento responde a la estrategia de movilidad sostenible del municipio, liberando espacio p\u00fablico para otros usos.<\/p>\n<p>Para celebrar la inauguraci\u00f3n, Telpark lanza la campa\u00f1a especial \u201c1\u00aa Hora Gratis\u201d, v\u00e1lida hasta el 24 de diciembre de 2024 en los aparcamientos Aviz, D. Jo\u00e3o I y Brasilia, que cubren m\u00e1s de 900 plazas en \u00e1reas clave de Oporto. Esta promoci\u00f3n, disponible exclusivamente para usuarios de la App Telpark, requiere la activaci\u00f3n de la funci\u00f3n \u201cEntrada Express\u201d, un sistema que permite aparcar de forma \u00e1gil y sostenible mediante reconocimiento de matr\u00edculas y apertura autom\u00e1tica de barreras.<\/p>\n<p>Adem\u00e1s, el Parking de Aviz albergar\u00e1 una exposici\u00f3n que homenajea al hist\u00f3rico Circuito de Boavista, un emblem\u00e1tico circuito de automovilismo urbano con m\u00e1s de 90 a\u00f1os de historia. A trav\u00e9s de paneles informativos en la planta -1, los visitantes podr\u00e1n conocer m\u00e1s sobre la historia del automovilismo en Boavista. Esta misma planta tambi\u00e9n incluye plazas reservadas para personas con movilidad reducida y 19 espacios exclusivos para veh\u00edculos el\u00e9ctricos. Con servicio de atenci\u00f3n 24 horas y videovigilancia permanente.<\/p>\n\n        <\/div>\n    <\/div>\n<\/article>","protected":false},"excerpt":{"rendered":"","protected":false},"author":13,"featured_media":3919,"comment_status":"open","ping_status":"open","sticky":false,"template":"","format":"standard","meta":{"footnotes":""},"categories":[1],"tags":[],"yoast_head":"<!-- This site is optimized with the Yoast SEO plugin v20.12 - https:\/\/yoast.com\/wordpress\/plugins\/seo\/ -->\n<title>Telpark inaugura un nuevo parking en Oporto, Aviz, con una campa\u00f1a especial de Navidad - Empark<\/title>\n<meta name=\"robots\" content=\"index, follow, max-snippet:-1, max-image-preview:large, max-video-preview:-1\" \/>\n<link rel=\"canonical\" href=\"https:\/\/www.empark.com\/es\/telpark-inaugura-un-nuevo-parking-aviz-en-oporto-con-una-campana-especial-de-navidad\/\" \/>\n<meta property=\"og:locale\" content=\"es_ES\" \/>\n<meta property=\"og:type\" content=\"article\" \/>\n<meta property=\"og:title\" content=\"Telpark inaugura un nuevo parking en Oporto, Aviz, con una campa\u00f1a especial de Navidad - Empark\" \/>\n<meta property=\"og:url\" content=\"https:\/\/www.empark.com\/es\/telpark-inaugura-un-nuevo-parking-aviz-en-oporto-con-una-campana-especial-de-navidad\/\" \/>\n<meta property=\"og:site_name\" content=\"Empark\" \/>\n<meta property=\"article:published_time\" content=\"2024-11-14T14:01:07+00:00\" \/>\n<meta property=\"article:modified_time\" content=\"2024-11-14T14:02:33+00:00\" \/>\n<meta property=\"og:image\" content=\"https:\/\/www.empark.com\/wp-content\/uploads\/sites\/2\/2024\/11\/Telpark-2-scaled.jpg\" \/>\n\t<meta property=\"og:image:width\" content=\"2560\" \/>\n\t<meta property=\"og:image:height\" content=\"1708\" \/>\n\t<meta property=\"og:image:type\" content=\"image\/jpeg\" \/>\n<meta name=\"author\" content=\"elezanap\" \/>\n<meta name=\"twitter:card\" content=\"summary_large_image\" \/>\n<meta name=\"twitter:label1\" content=\"Written by\" \/>\n\t<meta name=\"twitter:data1\" content=\"elezanap\" \/>\n<script type=\"application\/ld+json\" class=\"yoast-schema-graph\">{\"@context\":\"https:\/\/schema.org\",\"@graph\":[{\"@type\":\"Article\",\"@id\":\"https:\/\/www.empark.com\/es\/telpark-inaugura-un-nuevo-parking-aviz-en-oporto-con-una-campana-especial-de-navidad\/#article\",\"isPartOf\":{\"@id\":\"https:\/\/www.empark.com\/es\/telpark-inaugura-un-nuevo-parking-aviz-en-oporto-con-una-campana-especial-de-navidad\/\"},\"author\":{\"name\":\"elezanap\",\"@id\":\"https:\/\/www.empark.com\/es\/#\/schema\/person\/46d89a7546aea0aadaf0ec76ce975b8d\"},\"headline\":\"Telpark inaugura un nuevo parking en Oporto, Aviz, con una campa\u00f1a especial de Navidad\",\"datePublished\":\"2024-11-14T14:01:07+00:00\",\"dateModified\":\"2024-11-14T14:02:33+00:00\",\"mainEntityOfPage\":{\"@id\":\"https:\/\/www.empark.com\/es\/telpark-inaugura-un-nuevo-parking-aviz-en-oporto-con-una-campana-especial-de-navidad\/\"},\"wordCount\":15,\"commentCount\":0,\"publisher\":{\"@id\":\"https:\/\/www.empark.com\/es\/#organization\"},\"articleSection\":[\"Sin categorizar\"],\"inLanguage\":\"es-ES\",\"potentialAction\":[{\"@type\":\"CommentAction\",\"name\":\"Comment\",\"target\":[\"https:\/\/www.empark.com\/es\/telpark-inaugura-un-nuevo-parking-aviz-en-oporto-con-una-campana-especial-de-navidad\/#respond\"]}]},{\"@type\":\"WebPage\",\"@id\":\"https:\/\/www.empark.com\/es\/telpark-inaugura-un-nuevo-parking-aviz-en-oporto-con-una-campana-especial-de-navidad\/\",\"url\":\"https:\/\/www.empark.com\/es\/telpark-inaugura-un-nuevo-parking-aviz-en-oporto-con-una-campana-especial-de-navidad\/\",\"name\":\"Telpark inaugura un nuevo parking en Oporto, Aviz, con una campa\u00f1a especial de Navidad - Empark\",\"isPartOf\":{\"@id\":\"https:\/\/www.empark.com\/es\/#website\"},\"datePublished\":\"2024-11-14T14:01:07+00:00\",\"dateModified\":\"2024-11-14T14:02:33+00:00\",\"breadcrumb\":{\"@id\":\"https:\/\/www.empark.com\/es\/telpark-inaugura-un-nuevo-parking-aviz-en-oporto-con-una-campana-especial-de-navidad\/#breadcrumb\"},\"inLanguage\":\"es-ES\",\"potentialAction\":[{\"@type\":\"ReadAction\",\"target\":[\"https:\/\/www.empark.com\/es\/telpark-inaugura-un-nuevo-parking-aviz-en-oporto-con-una-campana-especial-de-navidad\/\"]}]},{\"@type\":\"BreadcrumbList\",\"@id\":\"https:\/\/www.empark.com\/es\/telpark-inaugura-un-nuevo-parking-aviz-en-oporto-con-una-campana-especial-de-navidad\/#breadcrumb\",\"itemListElement\":[{\"@type\":\"ListItem\",\"position\":1,\"name\":\"Home\",\"item\":\"https:\/\/www.empark.com\/es\/\"},{\"@type\":\"ListItem\",\"position\":2,\"name\":\"Telpark inaugura un nuevo parking en Oporto, Aviz, con una campa\u00f1a especial de Navidad\"}]},{\"@type\":\"WebSite\",\"@id\":\"https:\/\/www.empark.com\/es\/#website\",\"url\":\"https:\/\/www.empark.com\/es\/\",\"name\":\"Empark\",\"description\":\"L\u00edderes en el sector de aparcamientos y movilidad, con m\u00e1s de 455.000 plazas de aparcamiento que facilitan el desplazamiento de 150 millones de personas\",\"publisher\":{\"@id\":\"https:\/\/www.empark.com\/es\/#organization\"},\"potentialAction\":[{\"@type\":\"SearchAction\",\"target\":{\"@type\":\"EntryPoint\",\"urlTemplate\":\"https:\/\/www.empark.com\/es\/?s={search_term_string}\"},\"query-input\":\"required name=search_term_string\"}],\"inLanguage\":\"es-ES\"},{\"@type\":\"Organization\",\"@id\":\"https:\/\/www.empark.com\/es\/#organization\",\"name\":\"Empark\",\"url\":\"https:\/\/www.empark.com\/es\/\",\"logo\":{\"@type\":\"ImageObject\",\"inLanguage\":\"es-ES\",\"@id\":\"https:\/\/www.empark.com\/es\/#\/schema\/logo\/image\/\",\"url\":\"https:\/\/www.empark.com\/wp-content\/uploads\/sites\/2\/2023\/09\/empark-logo.svg\",\"contentUrl\":\"https:\/\/www.empark.com\/wp-content\/uploads\/sites\/2\/2023\/09\/empark-logo.svg\",\"width\":100,\"height\":32,\"caption\":\"Empark\"},\"image\":{\"@id\":\"https:\/\/www.empark.com\/es\/#\/schema\/logo\/image\/\"}},{\"@type\":\"Person\",\"@id\":\"https:\/\/www.empark.com\/es\/#\/schema\/person\/46d89a7546aea0aadaf0ec76ce975b8d\",\"name\":\"elezanap\",\"image\":{\"@type\":\"ImageObject\",\"inLanguage\":\"es-ES\",\"@id\":\"https:\/\/www.empark.com\/es\/#\/schema\/person\/image\/\",\"url\":\"https:\/\/secure.gravatar.com\/avatar\/c3b9eede1a478747f56212e1acbe2d3e?s=96&d=mm&r=g\",\"contentUrl\":\"https:\/\/secure.gravatar.com\/avatar\/c3b9eede1a478747f56212e1acbe2d3e?s=96&d=mm&r=g\",\"caption\":\"elezanap\"}}]}<\/script>\n<!-- \/ Yoast SEO plugin. -->","yoast_head_json":{"title":"Telpark inaugura un nuevo parking en Oporto, Aviz, con una campa\u00f1a especial de Navidad - Empark","robots":{"index":"index","follow":"follow","max-snippet":"max-snippet:-1","max-image-preview":"max-image-preview:large","max-video-preview":"max-video-preview:-1"},"canonical":"https:\/\/www.empark.com\/es\/telpark-inaugura-un-nuevo-parking-aviz-en-oporto-con-una-campana-especial-de-navidad\/","og_locale":"es_ES","og_type":"article","og_title":"Telpark inaugura un nuevo parking en Oporto, Aviz, con una campa\u00f1a especial de Navidad - Empark","og_url":"https:\/\/www.empark.com\/es\/telpark-inaugura-un-nuevo-parking-aviz-en-oporto-con-una-campana-especial-de-navidad\/","og_site_name":"Empark","article_published_time":"2024-11-14T14:01:07+00:00","article_modified_time":"2024-11-14T14:02:33+00:00","og_image":[{"width":2560,"height":1708,"url":"https:\/\/www.empark.com\/wp-content\/uploads\/sites\/2\/2024\/11\/Telpark-2-scaled.jpg","type":"image\/jpeg"}],"author":"elezanap","twitter_card":"summary_large_image","twitter_misc":{"Written by":"elezanap"},"schema":{"@context":"https:\/\/schema.org","@graph":[{"@type":"Article","@id":"https:\/\/www.empark.com\/es\/telpark-inaugura-un-nuevo-parking-aviz-en-oporto-con-una-campana-especial-de-navidad\/#article","isPartOf":{"@id":"https:\/\/www.empark.com\/es\/telpark-inaugura-un-nuevo-parking-aviz-en-oporto-con-una-campana-especial-de-navidad\/"},"author":{"name":"elezanap","@id":"https:\/\/www.empark.com\/es\/#\/schema\/person\/46d89a7546aea0aadaf0ec76ce975b8d"},"headline":"Telpark inaugura un nuevo parking en Oporto, Aviz, con una campa\u00f1a especial de Navidad","datePublished":"2024-11-14T14:01:07+00:00","dateModified":"2024-11-14T14:02:33+00:00","mainEntityOfPage":{"@id":"https:\/\/www.empark.com\/es\/telpark-inaugura-un-nuevo-parking-aviz-en-oporto-con-una-campana-especial-de-navidad\/"},"wordCount":15,"commentCount":0,"publisher":{"@id":"https:\/\/www.empark.com\/es\/#organization"},"articleSection":["Sin categorizar"],"inLanguage":"es-ES","potentialAction":[{"@type":"CommentAction","name":"Comment","target":["https:\/\/www.empark.com\/es\/telpark-inaugura-un-nuevo-parking-aviz-en-oporto-con-una-campana-especial-de-navidad\/#respond"]}]},{"@type":"WebPage","@id":"https:\/\/www.empark.com\/es\/telpark-inaugura-un-nuevo-parking-aviz-en-oporto-con-una-campana-especial-de-navidad\/","url":"https:\/\/www.empark.com\/es\/telpark-inaugura-un-nuevo-parking-aviz-en-oporto-con-una-campana-especial-de-navidad\/","name":"Telpark inaugura un nuevo parking en Oporto, Aviz, con una campa\u00f1a especial de Navidad - Empark","isPartOf":{"@id":"https:\/\/www.empark.com\/es\/#website"},"datePublished":"2024-11-14T14:01:07+00:00","dateModified":"2024-11-14T14:02:33+00:00","breadcrumb":{"@id":"https:\/\/www.empark.com\/es\/telpark-inaugura-un-nuevo-parking-aviz-en-oporto-con-una-campana-especial-de-navidad\/#breadcrumb"},"inLanguage":"es-ES","potentialAction":[{"@type":"ReadAction","target":["https:\/\/www.empark.com\/es\/telpark-inaugura-un-nuevo-parking-aviz-en-oporto-con-una-campana-especial-de-navidad\/"]}]},{"@type":"BreadcrumbList","@id":"https:\/\/www.empark.com\/es\/telpark-inaugura-un-nuevo-parking-aviz-en-oporto-con-una-campana-especial-de-navidad\/#breadcrumb","itemListElement":[{"@type":"ListItem","position":1,"name":"Home","item":"https:\/\/www.empark.com\/es\/"},{"@type":"ListItem","position":2,"name":"Telpark inaugura un nuevo parking en Oporto, Aviz, con una campa\u00f1a especial de Navidad"}]},{"@type":"WebSite","@id":"https:\/\/www.empark.com\/es\/#website","url":"https:\/\/www.empark.com\/es\/","name":"Empark","description":"L\u00edderes en el sector de aparcamientos y movilidad, con m\u00e1s de 455.000 plazas de aparcamiento que facilitan el desplazamiento de 150 millones de personas","publisher":{"@id":"https:\/\/www.empark.com\/es\/#organization"},"potentialAction":[{"@type":"SearchAction","target":{"@type":"EntryPoint","urlTemplate":"https:\/\/www.empark.com\/es\/?s={search_term_string}"},"query-input":"required name=search_term_string"}],"inLanguage":"es-ES"},{"@type":"Organization","@id":"https:\/\/www.empark.com\/es\/#organization","name":"Empark","url":"https:\/\/www.empark.com\/es\/","logo":{"@type":"ImageObject","inLanguage":"es-ES","@id":"https:\/\/www.empark.com\/es\/#\/schema\/logo\/image\/","url":"https:\/\/www.empark.com\/wp-content\/uploads\/sites\/2\/2023\/09\/empark-logo.svg","contentUrl":"https:\/\/www.empark.com\/wp-content\/uploads\/sites\/2\/2023\/09\/empark-logo.svg","width":100,"height":32,"caption":"Empark"},"image":{"@id":"https:\/\/www.empark.com\/es\/#\/schema\/logo\/image\/"}},{"@type":"Person","@id":"https:\/\/www.empark.com\/es\/#\/schema\/person\/46d89a7546aea0aadaf0ec76ce975b8d","name":"elezanap","image":{"@type":"ImageObject","inLanguage":"es-ES","@id":"https:\/\/www.empark.com\/es\/#\/schema\/person\/image\/","url":"https:\/\/secure.gravatar.com\/avatar\/c3b9eede1a478747f56212e1acbe2d3e?s=96&d=mm&r=g","contentUrl":"https:\/\/secure.gravatar.com\/avatar\/c3b9eede1a478747f56212e1acbe2d3e?s=96&d=mm&r=g","caption":"elezanap"}}]}},"meta_box":{"title":false,"level_title":false,"caption":false,"image":false,"style":false,"background":false,"image_mobile":false,"content_group":false,"show_google_play":false,"button_color_google_play":false,"show_apple_store":false,"button_color_apple_store":false,"banner_cta_type":false,"background_color":false,"background_mobile":false,"background_size":false,"background_position":false,"background_url":false,"background_target_blank":false,"text-align":false,"size":false,"order":false,"title_color":false,"description":false,"buttons_info":false,"cards":false,"button_info":false,"variant":false,"search_category":false,"benefits":false,"option_block":false,"location":false,"persons":false,"show_as_card":false,"text_color":false,"height":false,"show_selector":false,"placeholder":false,"searchbar_type":false,"searchbar_type_home":false,"products":false,"type":false,"columns":false,"show_mobile":false,"hide_mobile":false,"header":false,"KML":false,"tabs":false,"buttons":false,"choose_parking":false,"parkings":false,"data":false,"text":false,"short_code":false,"iframe_url":false,"iframe_title":false,"iframe_class":false,"iframe_width":false,"iframe_height":false,"map":false,"target_date":false,"background_image":false,"background_image_mobile":false,"completed_text":false,"label_days":false,"label_hours":false,"label_minutes":false,"label_seconds":false},"_links":{"self":[{"href":"https:\/\/www.empark.com\/es\/wp-json\/wp\/v2\/posts\/3918"}],"collection":[{"href":"https:\/\/www.empark.com\/es\/wp-json\/wp\/v2\/posts"}],"about":[{"href":"https:\/\/www.empark.com\/es\/wp-json\/wp\/v2\/types\/post"}],"author":[{"embeddable":true,"href":"https:\/\/www.empark.com\/es\/wp-json\/wp\/v2\/users\/13"}],"replies":[{"embeddable":true,"href":"https:\/\/www.empark.com\/es\/wp-json\/wp\/v2\/comments?post=3918"}],"version-history":[{"count":2,"href":"https:\/\/www.empark.com\/es\/wp-json\/wp\/v2\/posts\/3918\/revisions"}],"predecessor-version":[{"id":3923,"href":"https:\/\/www.empark.com\/es\/wp-json\/wp\/v2\/posts\/3918\/revisions\/3923"}],"wp:featuredmedia":[{"embeddable":true,"href":"https:\/\/www.empark.com\/es\/wp-json\/wp\/v2\/media\/3919"}],"wp:attachment":[{"href":"https:\/\/www.empark.com\/es\/wp-json\/wp\/v2\/media?parent=3918"}],"wp:term":[{"taxonomy":"category","embeddable":true,"href":"https:\/\/www.empark.com\/es\/wp-json\/wp\/v2\/categories?post=3918"},{"taxonomy":"post_tag","embeddable":true,"href":"https:\/\/www.empark.com\/es\/wp-json\/wp\/v2\/tags?post=3918"}],"curies":[{"name":"wp","href":"https:\/\/api.w.org\/{rel}","templated":true}]}}