{"id":2251,"date":"2023-08-10T08:21:21","date_gmt":"2023-08-10T07:21:21","guid":{"rendered":"https:\/\/empark.cmspro.telpark.com\/?p=2251"},"modified":"2023-10-27T12:01:08","modified_gmt":"2023-10-27T11:01:08","slug":"telpark-se-refuerza-con-nuevas-adquisiciones-en-madrid-y-granada","status":"publish","type":"post","link":"https:\/\/www.empark.com\/es\/telpark-se-refuerza-con-nuevas-adquisiciones-en-madrid-y-granada\/","title":{"rendered":"Telpark se refuerza con nuevas adquisiciones en Madrid y Granada"},"content":{"rendered":"<article class=\"tpk-page\">\n    <div class=\"row wrapper center-xs tpk-page__content\">\n        <div class=\"col-xs-12 col-sm-10 col-md-8 pt-4 pb-4\">\n            <blockquote>\n<p><em>La compa\u00f1\u00eda ha adquirido el parking madrile\u00f1o Puente de Ventas y la concesi\u00f3n del granadino Alsina, que suman un total de 736 plazas a su cartera<\/em><\/p>\n<p><em>Con esta operaci\u00f3n, Telpark consolida su posici\u00f3n como operador de referencia en nuestro pa\u00eds, donde avanza en su ambici\u00f3n de liderar la transformaci\u00f3n de la movilidad urbana<\/em><\/p>\n<\/blockquote>\n\n        <\/div>\n    <\/div>\n<\/article>\n\n<article class=\"tpk-page\">\n    <div class=\"row wrapper center-xs tpk-page__content\">\n        <div class=\"col-xs-12 col-sm-10 col-md-8 pt-4 pb-4\">\n            <p><strong><em>Madrid, 09\u00a0de agosto de 2023<\/em><\/strong><em>.-<\/em>\u00a0<a href=\"https:\/\/www.telpark.com\/\" data-cke-saved-href=\"https:\/\/www.telpark.com\/\"><strong>Telpark<\/strong><\/a>, l\u00edder de servicios de estacionamiento en Espa\u00f1a, ha cerrado la\u00a0<strong>compra de dos nuevos aparcamientos<\/strong>. Concretamente, la compa\u00f1\u00eda ha adquirido el 100% de<strong>\u00a0Puente de Ventas en Madrid y la concesi\u00f3n para los pr\u00f3ximos 34 a\u00f1os del parking Alsina en Granada.<\/strong>\u00a0Con esta operaci\u00f3n, refuerza su posici\u00f3n de referencia en nuestro pa\u00eds con la incorporaci\u00f3n de un total de\u00a0<strong>736 nuevas plazas<\/strong>\u00a0a su cartera de gesti\u00f3n y operaci\u00f3n directa en ambas ciudades, en las que ya contaba con una presencia consolidada.<\/p>\n<p>La adquisici\u00f3n del madrile\u00f1o\u00a0<strong>aparcamiento de Puente de Ventas<\/strong>\u00a0supone un movimiento de gran valor para Telpark con el que suma un total de\u00a0<strong>158 plazas en una ubicaci\u00f3n altamente estrat\u00e9gica<\/strong>, junto a la Plaza de Toros y muy pr\u00f3xima a la M30 y a la A-2, dos de las principales v\u00edas de acceso e interconexi\u00f3n de la capital. La compa\u00f1\u00eda busca as\u00ed\u00a0<strong>impulsar las sinergias entre su negocio Off Street y On Street<\/strong>\u00a0con la\u00a0<strong>app Telpark -l\u00edder en la ciudad con m\u00e1s de 294.000 usuarios<\/strong>- como herramienta vertebradora de todos sus servicios.<\/p>\n<p>Actualmente, Telpark dispone de un total de 8 aparcamientos con un total de 3.300 plazas bajo gesti\u00f3n adem\u00e1s de cerca de 97.000 plazas de estacionamiento en Madrid, donde mantiene una fuerte apuesta por el impulso de nuevas soluciones de movilidad urbana. Prueba de ello es que la capital ha sido el escenario escogido para el\u00a0<strong>despliegue de su modelo propio de\u00a0<em>mobility hubs<\/em><\/strong><em>,<\/em>\u00a0materializado desde 2021 en el\u00a0<strong>Telpark Mobility Hub de Col\u00f3n<\/strong>\u00a0y al que pr\u00f3ximamente se unir\u00e1 el de\u00a0<strong>Plaza del Carmen<\/strong>, actualmente en construcci\u00f3n y que ser\u00e1 el primero del casco hist\u00f3rico de la capital.<\/p>\n<p>En lo que respecta a Granada, Telpark ha adquirido la\u00a0<strong>concesi\u00f3n para los pr\u00f3ximos 34 a\u00f1os del parking Alsina.\u00a0<\/strong>El activo est\u00e1 ubicado justo en el l\u00edmite de la zona de bajas emisiones de la ciudad y cuenta con\u00a0<strong>578 plazas distribuidas en 3 plantas<\/strong>\u00a0destinadas tanto a\u00a0<strong>residentes<\/strong>\u00a0como a\u00a0<strong>rotaci\u00f3n<\/strong>. Con \u00e9l,\u00a0<strong>son ya cinco los aparcamientos gestionados por Telpark en la ciudad<\/strong>, donde opera el parking de San Agust\u00edn desde el a\u00f1o 2011, Pedro Antonio de Alarc\u00f3n desde 2021, y El Viol\u00f3n y Nuevo Los C\u00e1rmenes desde mayo de 2022. Todos ellos, junto con Alsina, suman en torno a 3.265 plazas.<\/p>\n<p>Con esta adquisici\u00f3n, la compa\u00f1\u00eda consolida su posici\u00f3n como primer operador en la ciudad, donde la app Telpark cuenta con m\u00e1s 15.600 usuarios activos que la utilizan como experiencia digital de aparcamiento y estacionamiento regulado.<\/p>\n<p><strong>En palabras de Jos\u00e9 Mar\u00eda Fayos Cobos, director territorial de aparcamientos de Telpark, \u201c<\/strong><em>esta operaci\u00f3n es muy relevante para nosotros, ya que nos permite continuar avanzando en nuestro plan de expansi\u00f3n en Espa\u00f1a, donde tenemos la ambici\u00f3n de liderar la transformaci\u00f3n de la movilidad urbana. Puente de Ventas y Alsina son dos activos estrat\u00e9gicos para conseguirlo, ya que nos posicionan como el operador de referencia en ambas ciudades y facilitan que podamos aportar a nuestros usuarios una oferta de soluciones m\u00e1s integrada y acorde con sus necesidades, que les permita optimizar al m\u00e1ximo sus movimientos urbanos\u201d.<\/em><\/p>\n<p><strong><u>Conoce Telpark<\/u><\/strong><\/p>\n<p>Con una trayectoria de m\u00e1s de 50 a\u00f1os en el sector y presencia en 150 ciudades, Telpark es el principal operador en gesti\u00f3n integral de aparcamientos (Off Street) y estacionamiento regulado en v\u00eda p\u00fablica (On Street) de Espa\u00f1a y Portugal.<\/p>\n<p>La compa\u00f1\u00eda basa su modelo de crecimiento en una amplia oferta de servicios orientada a construir la mejor experiencia integral en torno a la movilidad urbana bajo una apuesta firme por la innovaci\u00f3n tecnol\u00f3gica como palanca clave para situar al ciudadano en el centro de su propuesta.<\/p>\n<p>Fue pionera con la creaci\u00f3n en 2013 de su app m\u00f3vil para la reserva y gesti\u00f3n de aparcamientos Telpark, que actualmente es la m\u00e1s usada y descargada en aparcamiento en Espa\u00f1a y Portugal con m\u00e1s de 3 millones de usuarios.<\/p>\n<p>M\u00e1s informaci\u00f3n en: https:\/\/www.telpark.com<\/p>\n\n        <\/div>\n    <\/div>\n<\/article>","protected":false},"excerpt":{"rendered":"","protected":false},"author":13,"featured_media":2252,"comment_status":"open","ping_status":"open","sticky":false,"template":"","format":"standard","meta":{"footnotes":""},"categories":[26],"tags":[],"yoast_head":"<!-- This site is optimized with the Yoast SEO plugin v20.12 - https:\/\/yoast.com\/wordpress\/plugins\/seo\/ -->\n<title>Telpark se refuerza con nuevas adquisiciones en Madrid y Granada - Empark<\/title>\n<meta name=\"robots\" content=\"index, follow, max-snippet:-1, max-image-preview:large, max-video-preview:-1\" \/>\n<link rel=\"canonical\" href=\"https:\/\/www.empark.com\/es\/telpark-se-refuerza-con-nuevas-adquisiciones-en-madrid-y-granada\/\" \/>\n<meta property=\"og:locale\" content=\"es_ES\" \/>\n<meta property=\"og:type\" content=\"article\" \/>\n<meta property=\"og:title\" content=\"Telpark se refuerza con nuevas adquisiciones en Madrid y Granada - Empark\" \/>\n<meta property=\"og:url\" content=\"https:\/\/www.empark.com\/es\/telpark-se-refuerza-con-nuevas-adquisiciones-en-madrid-y-granada\/\" \/>\n<meta property=\"og:site_name\" content=\"Empark\" \/>\n<meta property=\"article:published_time\" content=\"2023-08-10T07:21:21+00:00\" \/>\n<meta property=\"article:modified_time\" content=\"2023-10-27T11:01:08+00:00\" \/>\n<meta property=\"og:image\" content=\"https:\/\/www.empark.com\/wp-content\/uploads\/sites\/2\/2023\/08\/entrada-ventas-madrid.jpg\" \/>\n\t<meta property=\"og:image:width\" content=\"893\" \/>\n\t<meta property=\"og:image:height\" content=\"578\" \/>\n\t<meta property=\"og:image:type\" content=\"image\/jpeg\" \/>\n<meta name=\"author\" content=\"elezanap\" \/>\n<meta name=\"twitter:card\" content=\"summary_large_image\" \/>\n<meta name=\"twitter:label1\" content=\"Written by\" \/>\n\t<meta name=\"twitter:data1\" content=\"elezanap\" \/>\n\t<meta name=\"twitter:label2\" content=\"Est. reading time\" \/>\n\t<meta name=\"twitter:data2\" content=\"1 minute\" \/>\n<script type=\"application\/ld+json\" class=\"yoast-schema-graph\">{\"@context\":\"https:\/\/schema.org\",\"@graph\":[{\"@type\":\"Article\",\"@id\":\"https:\/\/www.empark.com\/es\/telpark-se-refuerza-con-nuevas-adquisiciones-en-madrid-y-granada\/#article\",\"isPartOf\":{\"@id\":\"https:\/\/www.empark.com\/es\/telpark-se-refuerza-con-nuevas-adquisiciones-en-madrid-y-granada\/\"},\"author\":{\"name\":\"elezanap\",\"@id\":\"https:\/\/www.empark.com\/es\/#\/schema\/person\/46d89a7546aea0aadaf0ec76ce975b8d\"},\"headline\":\"Telpark se refuerza con nuevas adquisiciones en Madrid y Granada\",\"datePublished\":\"2023-08-10T07:21:21+00:00\",\"dateModified\":\"2023-10-27T11:01:08+00:00\",\"mainEntityOfPage\":{\"@id\":\"https:\/\/www.empark.com\/es\/telpark-se-refuerza-con-nuevas-adquisiciones-en-madrid-y-granada\/\"},\"wordCount\":10,\"commentCount\":0,\"publisher\":{\"@id\":\"https:\/\/www.empark.com\/es\/#organization\"},\"articleSection\":[\"Noticias\"],\"inLanguage\":\"es-ES\",\"potentialAction\":[{\"@type\":\"CommentAction\",\"name\":\"Comment\",\"target\":[\"https:\/\/www.empark.com\/es\/telpark-se-refuerza-con-nuevas-adquisiciones-en-madrid-y-granada\/#respond\"]}]},{\"@type\":\"WebPage\",\"@id\":\"https:\/\/www.empark.com\/es\/telpark-se-refuerza-con-nuevas-adquisiciones-en-madrid-y-granada\/\",\"url\":\"https:\/\/www.empark.com\/es\/telpark-se-refuerza-con-nuevas-adquisiciones-en-madrid-y-granada\/\",\"name\":\"Telpark se refuerza con nuevas adquisiciones en Madrid y Granada - Empark\",\"isPartOf\":{\"@id\":\"https:\/\/www.empark.com\/es\/#website\"},\"datePublished\":\"2023-08-10T07:21:21+00:00\",\"dateModified\":\"2023-10-27T11:01:08+00:00\",\"breadcrumb\":{\"@id\":\"https:\/\/www.empark.com\/es\/telpark-se-refuerza-con-nuevas-adquisiciones-en-madrid-y-granada\/#breadcrumb\"},\"inLanguage\":\"es-ES\",\"potentialAction\":[{\"@type\":\"ReadAction\",\"target\":[\"https:\/\/www.empark.com\/es\/telpark-se-refuerza-con-nuevas-adquisiciones-en-madrid-y-granada\/\"]}]},{\"@type\":\"BreadcrumbList\",\"@id\":\"https:\/\/www.empark.com\/es\/telpark-se-refuerza-con-nuevas-adquisiciones-en-madrid-y-granada\/#breadcrumb\",\"itemListElement\":[{\"@type\":\"ListItem\",\"position\":1,\"name\":\"Home\",\"item\":\"https:\/\/www.empark.com\/es\/\"},{\"@type\":\"ListItem\",\"position\":2,\"name\":\"Telpark se refuerza con nuevas adquisiciones en Madrid y Granada\"}]},{\"@type\":\"WebSite\",\"@id\":\"https:\/\/www.empark.com\/es\/#website\",\"url\":\"https:\/\/www.empark.com\/es\/\",\"name\":\"Empark\",\"description\":\"L\u00edderes en el sector de aparcamientos y movilidad, con m\u00e1s de 455.000 plazas de aparcamiento que facilitan el desplazamiento de 150 millones de personas\",\"publisher\":{\"@id\":\"https:\/\/www.empark.com\/es\/#organization\"},\"potentialAction\":[{\"@type\":\"SearchAction\",\"target\":{\"@type\":\"EntryPoint\",\"urlTemplate\":\"https:\/\/www.empark.com\/es\/?s={search_term_string}\"},\"query-input\":\"required name=search_term_string\"}],\"inLanguage\":\"es-ES\"},{\"@type\":\"Organization\",\"@id\":\"https:\/\/www.empark.com\/es\/#organization\",\"name\":\"Empark\",\"url\":\"https:\/\/www.empark.com\/es\/\",\"logo\":{\"@type\":\"ImageObject\",\"inLanguage\":\"es-ES\",\"@id\":\"https:\/\/www.empark.com\/es\/#\/schema\/logo\/image\/\",\"url\":\"https:\/\/www.empark.com\/wp-content\/uploads\/sites\/2\/2023\/09\/empark-logo.svg\",\"contentUrl\":\"https:\/\/www.empark.com\/wp-content\/uploads\/sites\/2\/2023\/09\/empark-logo.svg\",\"width\":100,\"height\":32,\"caption\":\"Empark\"},\"image\":{\"@id\":\"https:\/\/www.empark.com\/es\/#\/schema\/logo\/image\/\"}},{\"@type\":\"Person\",\"@id\":\"https:\/\/www.empark.com\/es\/#\/schema\/person\/46d89a7546aea0aadaf0ec76ce975b8d\",\"name\":\"elezanap\",\"image\":{\"@type\":\"ImageObject\",\"inLanguage\":\"es-ES\",\"@id\":\"https:\/\/www.empark.com\/es\/#\/schema\/person\/image\/\",\"url\":\"https:\/\/secure.gravatar.com\/avatar\/c3b9eede1a478747f56212e1acbe2d3e?s=96&d=mm&r=g\",\"contentUrl\":\"https:\/\/secure.gravatar.com\/avatar\/c3b9eede1a478747f56212e1acbe2d3e?s=96&d=mm&r=g\",\"caption\":\"elezanap\"}}]}<\/script>\n<!-- \/ Yoast SEO plugin. -->","yoast_head_json":{"title":"Telpark se refuerza con nuevas adquisiciones en Madrid y Granada - Empark","robots":{"index":"index","follow":"follow","max-snippet":"max-snippet:-1","max-image-preview":"max-image-preview:large","max-video-preview":"max-video-preview:-1"},"canonical":"https:\/\/www.empark.com\/es\/telpark-se-refuerza-con-nuevas-adquisiciones-en-madrid-y-granada\/","og_locale":"es_ES","og_type":"article","og_title":"Telpark se refuerza con nuevas adquisiciones en Madrid y Granada - Empark","og_url":"https:\/\/www.empark.com\/es\/telpark-se-refuerza-con-nuevas-adquisiciones-en-madrid-y-granada\/","og_site_name":"Empark","article_published_time":"2023-08-10T07:21:21+00:00","article_modified_time":"2023-10-27T11:01:08+00:00","og_image":[{"width":893,"height":578,"url":"https:\/\/www.empark.com\/wp-content\/uploads\/sites\/2\/2023\/08\/entrada-ventas-madrid.jpg","type":"image\/jpeg"}],"author":"elezanap","twitter_card":"summary_large_image","twitter_misc":{"Written by":"elezanap","Est. reading time":"1 minute"},"schema":{"@context":"https:\/\/schema.org","@graph":[{"@type":"Article","@id":"https:\/\/www.empark.com\/es\/telpark-se-refuerza-con-nuevas-adquisiciones-en-madrid-y-granada\/#article","isPartOf":{"@id":"https:\/\/www.empark.com\/es\/telpark-se-refuerza-con-nuevas-adquisiciones-en-madrid-y-granada\/"},"author":{"name":"elezanap","@id":"https:\/\/www.empark.com\/es\/#\/schema\/person\/46d89a7546aea0aadaf0ec76ce975b8d"},"headline":"Telpark se refuerza con nuevas adquisiciones en Madrid y Granada","datePublished":"2023-08-10T07:21:21+00:00","dateModified":"2023-10-27T11:01:08+00:00","mainEntityOfPage":{"@id":"https:\/\/www.empark.com\/es\/telpark-se-refuerza-con-nuevas-adquisiciones-en-madrid-y-granada\/"},"wordCount":10,"commentCount":0,"publisher":{"@id":"https:\/\/www.empark.com\/es\/#organization"},"articleSection":["Noticias"],"inLanguage":"es-ES","potentialAction":[{"@type":"CommentAction","name":"Comment","target":["https:\/\/www.empark.com\/es\/telpark-se-refuerza-con-nuevas-adquisiciones-en-madrid-y-granada\/#respond"]}]},{"@type":"WebPage","@id":"https:\/\/www.empark.com\/es\/telpark-se-refuerza-con-nuevas-adquisiciones-en-madrid-y-granada\/","url":"https:\/\/www.empark.com\/es\/telpark-se-refuerza-con-nuevas-adquisiciones-en-madrid-y-granada\/","name":"Telpark se refuerza con nuevas adquisiciones en Madrid y Granada - Empark","isPartOf":{"@id":"https:\/\/www.empark.com\/es\/#website"},"datePublished":"2023-08-10T07:21:21+00:00","dateModified":"2023-10-27T11:01:08+00:00","breadcrumb":{"@id":"https:\/\/www.empark.com\/es\/telpark-se-refuerza-con-nuevas-adquisiciones-en-madrid-y-granada\/#breadcrumb"},"inLanguage":"es-ES","potentialAction":[{"@type":"ReadAction","target":["https:\/\/www.empark.com\/es\/telpark-se-refuerza-con-nuevas-adquisiciones-en-madrid-y-granada\/"]}]},{"@type":"BreadcrumbList","@id":"https:\/\/www.empark.com\/es\/telpark-se-refuerza-con-nuevas-adquisiciones-en-madrid-y-granada\/#breadcrumb","itemListElement":[{"@type":"ListItem","position":1,"name":"Home","item":"https:\/\/www.empark.com\/es\/"},{"@type":"ListItem","position":2,"name":"Telpark se refuerza con nuevas adquisiciones en Madrid y Granada"}]},{"@type":"WebSite","@id":"https:\/\/www.empark.com\/es\/#website","url":"https:\/\/www.empark.com\/es\/","name":"Empark","description":"L\u00edderes en el sector de aparcamientos y movilidad, con m\u00e1s de 455.000 plazas de aparcamiento que facilitan el desplazamiento de 150 millones de personas","publisher":{"@id":"https:\/\/www.empark.com\/es\/#organization"},"potentialAction":[{"@type":"SearchAction","target":{"@type":"EntryPoint","urlTemplate":"https:\/\/www.empark.com\/es\/?s={search_term_string}"},"query-input":"required name=search_term_string"}],"inLanguage":"es-ES"},{"@type":"Organization","@id":"https:\/\/www.empark.com\/es\/#organization","name":"Empark","url":"https:\/\/www.empark.com\/es\/","logo":{"@type":"ImageObject","inLanguage":"es-ES","@id":"https:\/\/www.empark.com\/es\/#\/schema\/logo\/image\/","url":"https:\/\/www.empark.com\/wp-content\/uploads\/sites\/2\/2023\/09\/empark-logo.svg","contentUrl":"https:\/\/www.empark.com\/wp-content\/uploads\/sites\/2\/2023\/09\/empark-logo.svg","width":100,"height":32,"caption":"Empark"},"image":{"@id":"https:\/\/www.empark.com\/es\/#\/schema\/logo\/image\/"}},{"@type":"Person","@id":"https:\/\/www.empark.com\/es\/#\/schema\/person\/46d89a7546aea0aadaf0ec76ce975b8d","name":"elezanap","image":{"@type":"ImageObject","inLanguage":"es-ES","@id":"https:\/\/www.empark.com\/es\/#\/schema\/person\/image\/","url":"https:\/\/secure.gravatar.com\/avatar\/c3b9eede1a478747f56212e1acbe2d3e?s=96&d=mm&r=g","contentUrl":"https:\/\/secure.gravatar.com\/avatar\/c3b9eede1a478747f56212e1acbe2d3e?s=96&d=mm&r=g","caption":"elezanap"}}]}},"meta_box":{"title":false,"level_title":false,"caption":false,"image":false,"style":false,"background":false,"image_mobile":false,"content_group":false,"show_google_play":false,"button_color_google_play":false,"show_apple_store":false,"button_color_apple_store":false,"banner_cta_type":false,"background_color":false,"background_mobile":false,"background_size":false,"background_position":false,"background_url":false,"background_target_blank":false,"text-align":false,"size":false,"order":false,"title_color":false,"description":false,"buttons_info":false,"cards":false,"button_info":false,"variant":false,"search_category":false,"benefits":false,"option_block":false,"location":false,"persons":false,"show_as_card":false,"text_color":false,"height":false,"show_selector":false,"placeholder":false,"searchbar_type":false,"searchbar_type_home":false,"products":false,"type":false,"columns":false,"show_mobile":false,"hide_mobile":false,"header":false,"KML":false,"tabs":false,"buttons":false,"choose_parking":false,"parkings":false,"data":false,"text":false,"short_code":false,"iframe_url":false,"iframe_title":false,"iframe_class":false,"iframe_width":false,"iframe_height":false,"map":false,"target_date":false,"background_image":false,"background_image_mobile":false,"completed_text":false,"label_days":false,"label_hours":false,"label_minutes":false,"label_seconds":false},"_links":{"self":[{"href":"https:\/\/www.empark.com\/es\/wp-json\/wp\/v2\/posts\/2251"}],"collection":[{"href":"https:\/\/www.empark.com\/es\/wp-json\/wp\/v2\/posts"}],"about":[{"href":"https:\/\/www.empark.com\/es\/wp-json\/wp\/v2\/types\/post"}],"author":[{"embeddable":true,"href":"https:\/\/www.empark.com\/es\/wp-json\/wp\/v2\/users\/13"}],"replies":[{"embeddable":true,"href":"https:\/\/www.empark.com\/es\/wp-json\/wp\/v2\/comments?post=2251"}],"version-history":[{"count":3,"href":"https:\/\/www.empark.com\/es\/wp-json\/wp\/v2\/posts\/2251\/revisions"}],"predecessor-version":[{"id":2269,"href":"https:\/\/www.empark.com\/es\/wp-json\/wp\/v2\/posts\/2251\/revisions\/2269"}],"wp:featuredmedia":[{"embeddable":true,"href":"https:\/\/www.empark.com\/es\/wp-json\/wp\/v2\/media\/2252"}],"wp:attachment":[{"href":"https:\/\/www.empark.com\/es\/wp-json\/wp\/v2\/media?parent=2251"}],"wp:term":[{"taxonomy":"category","embeddable":true,"href":"https:\/\/www.empark.com\/es\/wp-json\/wp\/v2\/categories?post=2251"},{"taxonomy":"post_tag","embeddable":true,"href":"https:\/\/www.empark.com\/es\/wp-json\/wp\/v2\/tags?post=2251"}],"curies":[{"name":"wp","href":"https:\/\/api.w.org\/{rel}","templated":true}]}}